{"id":33012,"date":"2014-06-24T09:51:41","date_gmt":"2014-06-24T15:51:41","guid":{"rendered":"http:\/\/elcronistadigital.com\/?p=33012"},"modified":"2014-06-24T09:51:41","modified_gmt":"2014-06-24T15:51:41","slug":"favorecidos-por-eolo","status":"publish","type":"post","link":"https:\/\/elcronistadigital.com\/?p=33012","title":{"rendered":"Favorecidos por Eolo"},"content":{"rendered":"<p><a href=\"https:\/\/elcronistadigital.com\/?attachment_id=33014\" rel=\"attachment wp-att-33014\"><img loading=\"lazy\" decoding=\"async\" class=\"alignleft size-full wp-image-33014\" alt=\"eolo6\" src=\"https:\/\/elcronistadigital.com\/wp-content\/uploads\/2014\/06\/eolo61.jpg\" width=\"600\" height=\"205\" srcset=\"https:\/\/elcronistadigital.com\/wp-content\/uploads\/2014\/06\/eolo61.jpg 600w, https:\/\/elcronistadigital.com\/wp-content\/uploads\/2014\/06\/eolo61-300x102.jpg 300w, https:\/\/elcronistadigital.com\/wp-content\/uploads\/2014\/06\/eolo61-342x116.jpg 342w\" sizes=\"auto, (max-width: 600px) 100vw, 600px\" \/><\/a>Nicaragua es uno de los cuatro pa\u00edses en el mundo con los mejores vientos para generar energ\u00eda e\u00f3lica, lo que ha llamado la atenci\u00f3n de inversionistas de diferentes pa\u00edses.<\/p>\n<p>El pasado 16 de junio el 28,4% de la generaci\u00f3n el\u00e9ctrica nacional producida provino de fuentes e\u00f3licas, se\u00f1al\u00f3 el Centro Nacional de Despacho de Carga.<\/p>\n<p>Desde 2007, el Gobierno inici\u00f3 los trabajos para la construcci\u00f3n del que ser\u00eda el primer parque e\u00f3lico del pa\u00eds. La revoluci\u00f3n verde se inici\u00f3 en el municipio de Rivas en 2009 con la apertura del proyecto Amayo I, con capacidad de 40MW, y posteriormente Amayo II con 23MW.<\/p>\n<p>Seg\u00fan un reporte de la revista Energ\u00eda Limpia para Todos, despu\u00e9s del \u00e9xito de estos dos proyectos pioneros vendr\u00edan m\u00e1s granjas e\u00f3licas como Eolo de Nicaragua (60MW) y Blue Power (39.6 MW) y hace tan s\u00f3lo unos meses la planta ALBA VIENTOS (39.6MW).<\/p>\n<p>Responsables de Globeleq Mesoam\u00e9rica Energy est\u00e1n evaluando ampliar en 16 megawatts adicionales la capacidad de generaci\u00f3n del parque EOLO (44MW), por lo que preparan otro proyecto e\u00f3lico denominado Sierras de Ciudad Sandino, con potencial estimado en 40MW.<\/p>\n<p>Por su parte, la empresa IC Power-Nicaragua, principal accionista de Amayo, durante los primeros meses de 2014 export\u00f3 a los pa\u00edses vecinos cinco millones de d\u00f3lares en energ\u00eda por medio del Sistema de Interconexi\u00f3n El\u00e9ctrico Centroamericano (Siepac).<\/p>\n<p>El a\u00f1o pasado el Ministerio de Energ\u00eda y Minas (MEM) aprob\u00f3 la solicitud del consorcio e\u00f3lico Amayo para ampliar la capacidad de generaci\u00f3n en 37MW. El decreto O76-DGRER-013-2013 le otorga a este consorcio una licencia provisional para explotar Amayo III y realizar estudios de factibilidad.<\/p>\n","protected":false},"excerpt":{"rendered":"<p>Nicaragua es uno de los cuatro pa\u00edses en el mundo con los mejores vientos para generar energ\u00eda e\u00f3lica, lo que ha llamado la atenci\u00f3n de inversionistas de diferentes pa\u00edses. El pasado 16 de junio el 28,4% de la generaci\u00f3n el\u00e9ctrica nacional producida provino de fuentes e\u00f3licas, se\u00f1al\u00f3 el Centro Nacional de Despacho de Carga. Desde [&hellip;]<\/p>\n","protected":false},"author":1,"featured_media":33013,"comment_status":"open","ping_status":"open","sticky":false,"template":"","format":"standard","meta":{"om_disable_all_campaigns":false,"_monsterinsights_skip_tracking":false,"_monsterinsights_sitenote_active":false,"_monsterinsights_sitenote_note":"","_monsterinsights_sitenote_category":0,"footnotes":""},"categories":[3],"tags":[],"class_list":["post-33012","post","type-post","status-publish","format-standard","has-post-thumbnail","hentry","category-nacionales"],"aioseo_notices":[],"_links":{"self":[{"href":"https:\/\/elcronistadigital.com\/index.php?rest_route=\/wp\/v2\/posts\/33012","targetHints":{"allow":["GET"]}}],"collection":[{"href":"https:\/\/elcronistadigital.com\/index.php?rest_route=\/wp\/v2\/posts"}],"about":[{"href":"https:\/\/elcronistadigital.com\/index.php?rest_route=\/wp\/v2\/types\/post"}],"author":[{"embeddable":true,"href":"https:\/\/elcronistadigital.com\/index.php?rest_route=\/wp\/v2\/users\/1"}],"replies":[{"embeddable":true,"href":"https:\/\/elcronistadigital.com\/index.php?rest_route=%2Fwp%2Fv2%2Fcomments&post=33012"}],"version-history":[{"count":1,"href":"https:\/\/elcronistadigital.com\/index.php?rest_route=\/wp\/v2\/posts\/33012\/revisions"}],"predecessor-version":[{"id":33015,"href":"https:\/\/elcronistadigital.com\/index.php?rest_route=\/wp\/v2\/posts\/33012\/revisions\/33015"}],"wp:featuredmedia":[{"embeddable":true,"href":"https:\/\/elcronistadigital.com\/index.php?rest_route=\/wp\/v2\/media\/33013"}],"wp:attachment":[{"href":"https:\/\/elcronistadigital.com\/index.php?rest_route=%2Fwp%2Fv2%2Fmedia&parent=33012"}],"wp:term":[{"taxonomy":"category","embeddable":true,"href":"https:\/\/elcronistadigital.com\/index.php?rest_route=%2Fwp%2Fv2%2Fcategories&post=33012"},{"taxonomy":"post_tag","embeddable":true,"href":"https:\/\/elcronistadigital.com\/index.php?rest_route=%2Fwp%2Fv2%2Ftags&post=33012"}],"curies":[{"name":"wp","href":"https:\/\/api.w.org\/{rel}","templated":true}]}}