{"id":33031,"date":"2014-06-24T14:52:09","date_gmt":"2014-06-24T20:52:09","guid":{"rendered":"http:\/\/elcronistadigital.com\/?p=33031"},"modified":"2014-06-24T14:52:09","modified_gmt":"2014-06-24T20:52:09","slug":"nicaragua-inserta-en-mercado-mundial-del-cacao","status":"publish","type":"post","link":"https:\/\/elcronistadigital.com\/?p=33031","title":{"rendered":"Nicaragua inserta en mercado mundial del cacao"},"content":{"rendered":"<p><a href=\"https:\/\/elcronistadigital.com\/?attachment_id=33032\" rel=\"attachment wp-att-33032\"><img loading=\"lazy\" decoding=\"async\" class=\"alignleft size-medium wp-image-33032\" alt=\"cacao1\" src=\"https:\/\/elcronistadigital.com\/wp-content\/uploads\/2014\/06\/cacao1-300x225.jpg\" width=\"300\" height=\"225\" srcset=\"https:\/\/elcronistadigital.com\/wp-content\/uploads\/2014\/06\/cacao1-300x225.jpg 300w, https:\/\/elcronistadigital.com\/wp-content\/uploads\/2014\/06\/cacao1-342x256.jpg 342w, https:\/\/elcronistadigital.com\/wp-content\/uploads\/2014\/06\/cacao1-60x45.jpg 60w, https:\/\/elcronistadigital.com\/wp-content\/uploads\/2014\/06\/cacao1-150x113.jpg 150w, https:\/\/elcronistadigital.com\/wp-content\/uploads\/2014\/06\/cacao1-269x201.jpg 269w, https:\/\/elcronistadigital.com\/wp-content\/uploads\/2014\/06\/cacao1.jpg 500w\" sizes=\"auto, (max-width: 300px) 100vw, 300px\" \/><\/a>Como parte del Programa de Fortalecimiento de la Competitividad de las Empresas Nicarag\u00fcenses, la delegaci\u00f3n nicarag\u00fcense que particip\u00f3 en el evento incluy\u00f3 a seis Pymes: cinco productores de cacao, entre ellos MLR Forestal, Cacao Oro de Nicaragua Agro Nica S.A., Coodeprosa, Tierra de Lagos y Volcanes S.A.-Le Cacaotal, y Cooperativa La Campesina; y la innovadora empresa de cosm\u00e9ticos org\u00e1nicos, MIZAR, que produce lociones y exfoliantes a base de cacao, entre otros productos.<\/p>\n<p>\u201cEsta es la primera vez que Nicaragua participa en esta conferencia y lo hicimos exitosamente, demostrando no s\u00f3lo la calidad de nuestros granos de cacao, sino tambi\u00e9n el profesionalismo de nuestros productores y las maneras innovadoras en que usamos el cacao\u201d, coment\u00f3 Guisell Morales-Echaverry, Embajadora de Nicaragua en Londres, quien apoy\u00f3 a la delegaci\u00f3n del pa\u00eds a lo largo del evento.<\/p>\n<p>\u201cNuestra participaci\u00f3n demuestra una vez m\u00e1s el compromiso del gobierno de trabajar de la mano con el sector privado para promover la oferta exportable del pa\u00eds y posicionar a Nicaragua como un l\u00edder global en la exportaci\u00f3n de cacao fino\u201d, agreg\u00f3 Morales-Echaverry citada por la publicaci\u00f3n estrategiaynegoios.net<\/p>\n<p>Para Denis Escorcia, Gerente General de Cooperativa La Campesina, la participaci\u00f3n en esta conferencia fue altamente gratificante, \u201cNos permiti\u00f3 acercarnos al principal mercado importador de cacao, pero adem\u00e1s a grandes compa\u00f1\u00edas y l\u00edderes mundiales que reconocieron la calidad de nuestro producto. Agradecemos el esfuerzo al montar este evento y seguiremos trabajando para proyectar el potencial de este rubro\u201d, coment\u00f3.<\/p>\n<p>Roger Rom\u00e1n de MLR Forestal y X\u00f3chilt Obando de MIZAR tambi\u00e9n coincidieron en que el evento fue una excelente oportunidad para entrar en el mercado global de cacao. \u201cFue una valiosa ocasi\u00f3n para proyectar a nuestra empresa internacionalmente, para aprender e intercambiar ideas con expertos, y para crear nuevas oportunidades de negocios con potenciales compradores\u201d, se\u00f1al\u00f3.<\/p>\n<p>Asimismo, Obando expres\u00f3 su gratificaci\u00f3n con su participaci\u00f3n en la conferencia: \u201ca trav\u00e9s de este evento queremos crear nuevos caminos para Nicaragua en la industria de cosm\u00e9ticos org\u00e1nicos\u201d.<\/p>\n<p>El evento reuni\u00f3 a actores claves de la cadena de valores mundial del cacao, incluyendo representantes de gobierno, l\u00edderes de la industria y del comercio, y productores. La conferencia tambi\u00e9n ofreci\u00f3 presentaciones, talleres y paneles de discusi\u00f3n con expertos de la comunidad del cacao, para abordar los asuntos m\u00e1s importantes de la producci\u00f3n de cacao a la fecha.<\/p>\n","protected":false},"excerpt":{"rendered":"<p>Como parte del Programa de Fortalecimiento de la Competitividad de las Empresas Nicarag\u00fcenses, la delegaci\u00f3n nicarag\u00fcense que particip\u00f3 en el evento incluy\u00f3 a seis Pymes: cinco productores de cacao, entre ellos MLR Forestal, Cacao Oro de Nicaragua Agro Nica S.A., Coodeprosa, Tierra de Lagos y Volcanes S.A.-Le Cacaotal, y Cooperativa La Campesina; y la innovadora [&hellip;]<\/p>\n","protected":false},"author":1,"featured_media":33032,"comment_status":"open","ping_status":"open","sticky":false,"template":"","format":"standard","meta":{"om_disable_all_campaigns":false,"_monsterinsights_skip_tracking":false,"_monsterinsights_sitenote_active":false,"_monsterinsights_sitenote_note":"","_monsterinsights_sitenote_category":0,"footnotes":""},"categories":[3,4],"tags":[],"class_list":["post-33031","post","type-post","status-publish","format-standard","has-post-thumbnail","hentry","category-nacionales","category-economia"],"aioseo_notices":[],"_links":{"self":[{"href":"https:\/\/elcronistadigital.com\/index.php?rest_route=\/wp\/v2\/posts\/33031","targetHints":{"allow":["GET"]}}],"collection":[{"href":"https:\/\/elcronistadigital.com\/index.php?rest_route=\/wp\/v2\/posts"}],"about":[{"href":"https:\/\/elcronistadigital.com\/index.php?rest_route=\/wp\/v2\/types\/post"}],"author":[{"embeddable":true,"href":"https:\/\/elcronistadigital.com\/index.php?rest_route=\/wp\/v2\/users\/1"}],"replies":[{"embeddable":true,"href":"https:\/\/elcronistadigital.com\/index.php?rest_route=%2Fwp%2Fv2%2Fcomments&post=33031"}],"version-history":[{"count":1,"href":"https:\/\/elcronistadigital.com\/index.php?rest_route=\/wp\/v2\/posts\/33031\/revisions"}],"predecessor-version":[{"id":33033,"href":"https:\/\/elcronistadigital.com\/index.php?rest_route=\/wp\/v2\/posts\/33031\/revisions\/33033"}],"wp:featuredmedia":[{"embeddable":true,"href":"https:\/\/elcronistadigital.com\/index.php?rest_route=\/wp\/v2\/media\/33032"}],"wp:attachment":[{"href":"https:\/\/elcronistadigital.com\/index.php?rest_route=%2Fwp%2Fv2%2Fmedia&parent=33031"}],"wp:term":[{"taxonomy":"category","embeddable":true,"href":"https:\/\/elcronistadigital.com\/index.php?rest_route=%2Fwp%2Fv2%2Fcategories&post=33031"},{"taxonomy":"post_tag","embeddable":true,"href":"https:\/\/elcronistadigital.com\/index.php?rest_route=%2Fwp%2Fv2%2Ftags&post=33031"}],"curies":[{"name":"wp","href":"https:\/\/api.w.org\/{rel}","templated":true}]}}