{"id":33034,"date":"2014-06-24T15:12:35","date_gmt":"2014-06-24T21:12:35","guid":{"rendered":"http:\/\/elcronistadigital.com\/?p=33034"},"modified":"2014-06-24T15:12:35","modified_gmt":"2014-06-24T21:12:35","slug":"reunion-en-managua-para-analizar-drama-de-ninos-migrantes","status":"publish","type":"post","link":"https:\/\/elcronistadigital.com\/?p=33034","title":{"rendered":"Reuni\u00f3n en Managua para analizar drama de ni\u00f1os migrantes"},"content":{"rendered":"<p><a href=\"https:\/\/elcronistadigital.com\/?attachment_id=33035\" rel=\"attachment wp-att-33035\"><img loading=\"lazy\" decoding=\"async\" class=\"alignleft size-medium wp-image-33035\" alt=\"migrant ni\u00f1os\" src=\"https:\/\/elcronistadigital.com\/wp-content\/uploads\/2014\/06\/migrant-ni\u00f1os-300x199.jpg\" width=\"300\" height=\"199\" srcset=\"https:\/\/elcronistadigital.com\/wp-content\/uploads\/2014\/06\/migrant-ni\u00f1os-300x199.jpg 300w, https:\/\/elcronistadigital.com\/wp-content\/uploads\/2014\/06\/migrant-ni\u00f1os-342x226.jpg 342w, https:\/\/elcronistadigital.com\/wp-content\/uploads\/2014\/06\/migrant-ni\u00f1os.jpg 452w\" sizes=\"auto, (max-width: 300px) 100vw, 300px\" \/><\/a>* M\u00e9xico considera que pa\u00edses centroamericanos le han dejado la carga del tr\u00e1nsito de menores que ha crecido en un 100%, por lo que este jueves el secretario de Gobernaci\u00f3n de la naci\u00f3n azteca, viajar\u00e1 a Nicaragua para discutir el tema con mandatarios del Istmo.<\/p>\n<p>La Secretar\u00eda de Gobernaci\u00f3n (Segob) de M\u00e9xico, calific\u00f3 como un \u201cdrama\u201d el incremento de ni\u00f1os mexicanos y centroamericanos indocumentados que buscan llegar a Estados Unidos y que permanecen en territorio mexicano, por lo que llam\u00f3 a los pa\u00edses de la regi\u00f3n a enfrentar \u201ccorresponsablemente\u201d el problema.<\/p>\n<p>La subsecretaria de Poblaci\u00f3n, Migraci\u00f3n y Asuntos Religiosos de la Segob, Paloma Guill\u00e9n Vicente, inform\u00f3 que ha aumentado en 100 por ciento el n\u00famero de ni\u00f1os migrantes \u201casegurados\u201d, pues en lo que va de 2014 la cifra llega a 9 mil 622, equivalente a los 9 mil 624 asegurados durante 2013.<\/p>\n<p>La funcionaria federal indic\u00f3 que la cifra general de migrantes centroamericanos indocumentados en M\u00e9xico alcanza hoy los 250 mil, por lo cual el jueves el titular de la Segob, Miguel \u00c1ngel Osorio Chong se trasladar\u00e1 a Managua, Nicaragua, para analizar estos temas con los mandatarios centroamericanos, durante la Conferencia Regional sobre Migraci\u00f3n.<\/p>\n<p>Segob calific\u00f3 como un \u201cdrama\u201d el incremento de ni\u00f1os mexicanos y centroamericanos indocumentados que buscan llegar a Estados Unidos y que permanecen en territorio mexicano<\/p>\n<p>Al participar en el foro \u201cReforma Migratoria en Estados Unidos: el rol del activismo latino y la coyuntura electoral\u201d, la senadora Mariana G\u00f3mez del Campo, por su parte, dijo que el aumento exponencial de migrantes menores de edad hacia Estados Unidos es un verdadero \u201cdrama humanitario\u201d.<\/p>\n<p>Exc\u00e9lsior public\u00f3 el s\u00e1bado que Estados Unidos anunci\u00f3 que expulsar\u00e1 a 47 mil ni\u00f1os, indocumentados de su territorio, seg\u00fan anunci\u00f3 el vicepresidente Joe Biden.<\/p>\n<p>Por su parte, durante el simposio, los sindicalistas y l\u00edderes de migrantes en el vecino pa\u00eds, Roc\u00edo Sainz y Eliseo Medina, llamaron al presidente Enrique Pe\u00f1a Nieto y al Congreso de la Uni\u00f3n a apoyar una reforma migratoria en Estados Unidos que legalice la estancia en ese pa\u00eds de 11.5 millones de indocumentados.<\/p>\n","protected":false},"excerpt":{"rendered":"<p>* M\u00e9xico considera que pa\u00edses centroamericanos le han dejado la carga del tr\u00e1nsito de menores que ha crecido en un 100%, por lo que este jueves el secretario de Gobernaci\u00f3n de la naci\u00f3n azteca, viajar\u00e1 a Nicaragua para discutir el tema con mandatarios del Istmo. La Secretar\u00eda de Gobernaci\u00f3n (Segob) de M\u00e9xico, calific\u00f3 como un [&hellip;]<\/p>\n","protected":false},"author":1,"featured_media":33035,"comment_status":"open","ping_status":"open","sticky":false,"template":"","format":"standard","meta":{"om_disable_all_campaigns":false,"_monsterinsights_skip_tracking":false,"_monsterinsights_sitenote_active":false,"_monsterinsights_sitenote_note":"","_monsterinsights_sitenote_category":0,"footnotes":""},"categories":[3524,13],"tags":[],"class_list":["post-33034","post","type-post","status-publish","format-standard","has-post-thumbnail","hentry","category-noticas","category-portada"],"aioseo_notices":[],"_links":{"self":[{"href":"https:\/\/elcronistadigital.com\/index.php?rest_route=\/wp\/v2\/posts\/33034","targetHints":{"allow":["GET"]}}],"collection":[{"href":"https:\/\/elcronistadigital.com\/index.php?rest_route=\/wp\/v2\/posts"}],"about":[{"href":"https:\/\/elcronistadigital.com\/index.php?rest_route=\/wp\/v2\/types\/post"}],"author":[{"embeddable":true,"href":"https:\/\/elcronistadigital.com\/index.php?rest_route=\/wp\/v2\/users\/1"}],"replies":[{"embeddable":true,"href":"https:\/\/elcronistadigital.com\/index.php?rest_route=%2Fwp%2Fv2%2Fcomments&post=33034"}],"version-history":[{"count":1,"href":"https:\/\/elcronistadigital.com\/index.php?rest_route=\/wp\/v2\/posts\/33034\/revisions"}],"predecessor-version":[{"id":33036,"href":"https:\/\/elcronistadigital.com\/index.php?rest_route=\/wp\/v2\/posts\/33034\/revisions\/33036"}],"wp:featuredmedia":[{"embeddable":true,"href":"https:\/\/elcronistadigital.com\/index.php?rest_route=\/wp\/v2\/media\/33035"}],"wp:attachment":[{"href":"https:\/\/elcronistadigital.com\/index.php?rest_route=%2Fwp%2Fv2%2Fmedia&parent=33034"}],"wp:term":[{"taxonomy":"category","embeddable":true,"href":"https:\/\/elcronistadigital.com\/index.php?rest_route=%2Fwp%2Fv2%2Fcategories&post=33034"},{"taxonomy":"post_tag","embeddable":true,"href":"https:\/\/elcronistadigital.com\/index.php?rest_route=%2Fwp%2Fv2%2Ftags&post=33034"}],"curies":[{"name":"wp","href":"https:\/\/api.w.org\/{rel}","templated":true}]}}