{"id":33037,"date":"2014-06-24T15:43:07","date_gmt":"2014-06-24T21:43:07","guid":{"rendered":"http:\/\/elcronistadigital.com\/?p=33037"},"modified":"2014-06-24T15:43:07","modified_gmt":"2014-06-24T21:43:07","slug":"sequia-ha-matado-mil-reses","status":"publish","type":"post","link":"https:\/\/elcronistadigital.com\/?p=33037","title":{"rendered":"Sequ\u00eda ha matado mil reses"},"content":{"rendered":"<p><a href=\"https:\/\/elcronistadigital.com\/?attachment_id=33038\" rel=\"attachment wp-att-33038\"><img loading=\"lazy\" decoding=\"async\" class=\"alignleft size-full wp-image-33038\" alt=\"vacas flacas\" src=\"https:\/\/elcronistadigital.com\/wp-content\/uploads\/2014\/06\/vacas-flacas.jpg\" width=\"300\" height=\"224\" srcset=\"https:\/\/elcronistadigital.com\/wp-content\/uploads\/2014\/06\/vacas-flacas.jpg 300w, https:\/\/elcronistadigital.com\/wp-content\/uploads\/2014\/06\/vacas-flacas-60x45.jpg 60w, https:\/\/elcronistadigital.com\/wp-content\/uploads\/2014\/06\/vacas-flacas-150x113.jpg 150w, https:\/\/elcronistadigital.com\/wp-content\/uploads\/2014\/06\/vacas-flacas-269x201.jpg 269w\" sizes=\"auto, (max-width: 300px) 100vw, 300px\" \/><\/a>Nicaragua atraviesa una \u00e9poca de vacas flacas debido a la sequ\u00eda, lo que ha provocado la muerte de al menos unos mil animales del hato ganadero, seg\u00fan se conoci\u00f3 este martes,<\/p>\n<p>Aunque oficialmente se ha minimizado el impacto de los estragos del fen\u00f3meno \u201cEl Ni\u00f1o\u201d, lo cierto es que tambi\u00e9n han resultado afectados los cultivos agr\u00edcolas.<\/p>\n<p>\u00abTenemos reportes que ha comenzado a morir el ganado en algunas zonas y otras reses est\u00e1n d\u00e9biles por falta de nutrientes\u00bb, dijo a la AFP el directivo de la Federaci\u00f3n de Asociaciones Ganaderas, Sol\u00f3n Guerrero.<\/p>\n<p>Las reses est\u00e1n pereciendo por falta de pasto y agua en r\u00edos y quebradas debido a un d\u00e9ficit de lluvias en zonas del norte, la franja noroeste del Pac\u00edfico y regi\u00f3n baja del centro este del pa\u00eds, explic\u00f3 Guerrero.<\/p>\n<p>El dirigente urgi\u00f3 al Gobierno a poner en marcha un plan de emergencia que implica una inversi\u00f3n de unos 30 millones de d\u00f3lares para emprender acciones de ayuda al sector.<\/p>\n<p>El comportamiento at\u00edpico de las lluvias entre mayo a noviembre podr\u00eda empeorar con la llegada del fen\u00f3meno clim\u00e1tico conocido como El Ni\u00f1o, seg\u00fan los pron\u00f3sticos meteorol\u00f3gicos. Este fen\u00f3meno produce un calentamiento de las aguas en el Pac\u00edfico y menos precipitaciones.<\/p>\n<p>Debido al rigor del verano en el llamado corredor seco que abarca a unos 60 de los 152 municipios de Nicaragua, en las fincas no hay pasto verde y las reservas de alimento para las reses se han agotado, observ\u00f3 Guerrero.<\/p>\n<p>La Producci\u00f3n agr\u00edcola y pecuaria representa el 18% del Producto Interno Bruto (PIB) y el 85% est\u00e1 en manos de peque\u00f1os y medianos agricultores y ganaderos.<\/p>\n<p>En 2010 Nicaragua tambi\u00e9n enfrent\u00f3 otra situaci\u00f3n de crisis en la producci\u00f3n de alimentos a causa del fen\u00f3meno clim\u00e1tico de El Ni\u00f1o.<\/p>\n","protected":false},"excerpt":{"rendered":"<p>Nicaragua atraviesa una \u00e9poca de vacas flacas debido a la sequ\u00eda, lo que ha provocado la muerte de al menos unos mil animales del hato ganadero, seg\u00fan se conoci\u00f3 este martes, Aunque oficialmente se ha minimizado el impacto de los estragos del fen\u00f3meno \u201cEl Ni\u00f1o\u201d, lo cierto es que tambi\u00e9n han resultado afectados los cultivos [&hellip;]<\/p>\n","protected":false},"author":1,"featured_media":33038,"comment_status":"open","ping_status":"open","sticky":false,"template":"","format":"standard","meta":{"om_disable_all_campaigns":false,"_monsterinsights_skip_tracking":false,"_monsterinsights_sitenote_active":false,"_monsterinsights_sitenote_note":"","_monsterinsights_sitenote_category":0,"footnotes":""},"categories":[3,4],"tags":[],"class_list":["post-33037","post","type-post","status-publish","format-standard","has-post-thumbnail","hentry","category-nacionales","category-economia"],"aioseo_notices":[],"_links":{"self":[{"href":"https:\/\/elcronistadigital.com\/index.php?rest_route=\/wp\/v2\/posts\/33037","targetHints":{"allow":["GET"]}}],"collection":[{"href":"https:\/\/elcronistadigital.com\/index.php?rest_route=\/wp\/v2\/posts"}],"about":[{"href":"https:\/\/elcronistadigital.com\/index.php?rest_route=\/wp\/v2\/types\/post"}],"author":[{"embeddable":true,"href":"https:\/\/elcronistadigital.com\/index.php?rest_route=\/wp\/v2\/users\/1"}],"replies":[{"embeddable":true,"href":"https:\/\/elcronistadigital.com\/index.php?rest_route=%2Fwp%2Fv2%2Fcomments&post=33037"}],"version-history":[{"count":1,"href":"https:\/\/elcronistadigital.com\/index.php?rest_route=\/wp\/v2\/posts\/33037\/revisions"}],"predecessor-version":[{"id":33039,"href":"https:\/\/elcronistadigital.com\/index.php?rest_route=\/wp\/v2\/posts\/33037\/revisions\/33039"}],"wp:featuredmedia":[{"embeddable":true,"href":"https:\/\/elcronistadigital.com\/index.php?rest_route=\/wp\/v2\/media\/33038"}],"wp:attachment":[{"href":"https:\/\/elcronistadigital.com\/index.php?rest_route=%2Fwp%2Fv2%2Fmedia&parent=33037"}],"wp:term":[{"taxonomy":"category","embeddable":true,"href":"https:\/\/elcronistadigital.com\/index.php?rest_route=%2Fwp%2Fv2%2Fcategories&post=33037"},{"taxonomy":"post_tag","embeddable":true,"href":"https:\/\/elcronistadigital.com\/index.php?rest_route=%2Fwp%2Fv2%2Ftags&post=33037"}],"curies":[{"name":"wp","href":"https:\/\/api.w.org\/{rel}","templated":true}]}}