{"id":33043,"date":"2014-06-24T16:14:46","date_gmt":"2014-06-24T22:14:46","guid":{"rendered":"http:\/\/elcronistadigital.com\/?p=33043"},"modified":"2014-06-24T16:15:17","modified_gmt":"2014-06-24T22:15:17","slug":"el-canibal-vuelve-a-morder","status":"publish","type":"post","link":"https:\/\/elcronistadigital.com\/?p=33043","title":{"rendered":"El \u201ccan\u00edbal&#8217; vuelve a morder"},"content":{"rendered":"<p><a href=\"https:\/\/elcronistadigital.com\/?attachment_id=33044\" rel=\"attachment wp-att-33044\"><img loading=\"lazy\" decoding=\"async\" class=\"alignleft size-medium wp-image-33044\" alt=\"mordisco 1\" src=\"https:\/\/elcronistadigital.com\/wp-content\/uploads\/2014\/06\/mordisco-1-300x200.jpg\" width=\"300\" height=\"200\" srcset=\"https:\/\/elcronistadigital.com\/wp-content\/uploads\/2014\/06\/mordisco-1-300x200.jpg 300w, https:\/\/elcronistadigital.com\/wp-content\/uploads\/2014\/06\/mordisco-1-342x228.jpg 342w, https:\/\/elcronistadigital.com\/wp-content\/uploads\/2014\/06\/mordisco-1.jpg 464w\" sizes=\"auto, (max-width: 300px) 100vw, 300px\" \/><\/a>Hugo Alguacil P\u00e9rez<br \/>\nEl Mundo | Espa\u00f1a<\/p>\n<p>Si ya es inusual que a alguien le d\u00e9 por morder a un rival dentro de un campo de f\u00fatbol, que exista un jugador con tres agresiones de este tipo en su carrera es para que el tipo se lo haga mirar. Delantero genial capaz de marcar goles de todas las formas posibles y de sostener \u00e9l solito a su selecci\u00f3n en este Mundial, pero tambi\u00e9n de convertirse en un &#8216;Can\u00edbal&#8217;, Luis Su\u00e1rez repiti\u00f3 ante Giorgio Chiellini el mismo ataque que sufrieron el futbolista del PSV Otman Bakkal en 2010 y Branislav Ivanovic el a\u00f1o pasado.<\/p>\n<p>A Uruguay s\u00f3lo le val\u00eda la victoria para acceder a octavos de final. A Italia le bastaba con el empate pero la expulsi\u00f3n de Marchisio en el minuto 58 le hab\u00eda quitado las pocas ganas de atacar con las que hab\u00eda saltado al c\u00e9sped del estadio Das Dunas de Natal.<\/p>\n<p>Despu\u00e9s de pasarse casi 80 minutos &#8216;peg\u00e1ndose&#8217; con los delanteros uruguayos, especialmente con Edinson Cavani, Chiellini, que ha dado y recibido golpes de todos los colores, recibi\u00f3 un ataque &#8216;nuevo&#8217;. La pelota andaba cerca, peleada por otros en el flanco derecho de la defensa italiana. Su\u00e1rez esperaba un centro, que no lleg\u00f3, pero eso no hizo que Chiellini relajara la marca.<\/p>\n<p>El punta no se tom\u00f3 bien ese exceso de celo en la intimidaci\u00f3n y decidi\u00f3 que lo mejor que pod\u00eda hacer era clavar sus dientes en la parte posterior del hombro izquierdo de Chiellini. El central de la Juventus respondi\u00f3 con un codazo directo al &#8216;arma&#8217; de la agresi\u00f3n o, lo que es lo mismo, a la boca. Al instante, ambos se retorc\u00edan de dolor sobre la hierba.<\/p>\n<p>Nadie vio nada pero Chiellini ten\u00eda grabadas las pruebas en su piel, as\u00ed que corri\u00f3 a ense\u00f1\u00e1rselas al \u00e1rbitro. Para desgracia de Italia, \u00e9ste sigui\u00f3 sin ver, o sin querer ver. Las im\u00e1genes, en cambio, permit\u00edan hasta contar los dientes de Luis Su\u00e1rez.<\/p>\n<p>La jugada se resolvi\u00f3 sin castigo, como siempre que al &#8216;Can\u00edbal&#8217; le entr\u00f3 hambre durante un partido. Los problemas vinieron despu\u00e9s: Cuando en noviembre de 2010 mordi\u00f3 a Otman Bakkal la federacion holandesa le sancion\u00f3 con siete partidos, que ser\u00edan nueve tras ampliarle su propio club -el Ajax de \u00c1msterdam- el castigo.<\/p>\n<p>En 2013 fueron 10 los encuentros que se perdi\u00f3 tras agredir del mismo modo al central del Chelsea Ivanovic. En su historial delictivo tambi\u00e9n destaca otra sanci\u00f3n de ocho partidos por insultos racistas a Patrice Evra.<a href=\"https:\/\/elcronistadigital.com\/?attachment_id=33046\" rel=\"attachment wp-att-33046\"><img loading=\"lazy\" decoding=\"async\" class=\"alignright size-full wp-image-33046\" alt=\"mordisco2\" src=\"https:\/\/elcronistadigital.com\/wp-content\/uploads\/2014\/06\/mordisco2.jpg\" width=\"531\" height=\"514\" srcset=\"https:\/\/elcronistadigital.com\/wp-content\/uploads\/2014\/06\/mordisco2.jpg 531w, https:\/\/elcronistadigital.com\/wp-content\/uploads\/2014\/06\/mordisco2-300x290.jpg 300w, https:\/\/elcronistadigital.com\/wp-content\/uploads\/2014\/06\/mordisco2-342x331.jpg 342w\" sizes=\"auto, (max-width: 531px) 100vw, 531px\" \/><\/a><\/p>\n<p>En los tres casos fue condenado a posteriori, con las im\u00e1genes de televisi\u00f3n como pruebas. La FIFA acostumbra a dejar en el campo lo que el \u00e1rbitro no ve pero, en este caso, la reincidencia de Su\u00e1rez y la contundencia que emplearon las federaciones holandesa e inglesa dejan al organismo en una situaci\u00f3n delicada. \u00bfSe atrever\u00e1n a sancionar al delantero en medio de un Mundial? \u00bfDeber\u00eda hacerlo?<\/p>\n","protected":false},"excerpt":{"rendered":"<p>Hugo Alguacil P\u00e9rez El Mundo | Espa\u00f1a Si ya es inusual que a alguien le d\u00e9 por morder a un rival dentro de un campo de f\u00fatbol, que exista un jugador con tres agresiones de este tipo en su carrera es para que el tipo se lo haga mirar. Delantero genial capaz de marcar goles [&hellip;]<\/p>\n","protected":false},"author":1,"featured_media":33046,"comment_status":"open","ping_status":"open","sticky":false,"template":"","format":"standard","meta":{"om_disable_all_campaigns":false,"_monsterinsights_skip_tracking":false,"_monsterinsights_sitenote_active":false,"_monsterinsights_sitenote_note":"","_monsterinsights_sitenote_category":0,"footnotes":""},"categories":[3524],"tags":[3975,3976],"class_list":["post-33043","post","type-post","status-publish","format-standard","has-post-thumbnail","hentry","category-noticas","tag-luis-suarez-muerde","tag-mordisco-de-luis-suarez"],"aioseo_notices":[],"_links":{"self":[{"href":"https:\/\/elcronistadigital.com\/index.php?rest_route=\/wp\/v2\/posts\/33043","targetHints":{"allow":["GET"]}}],"collection":[{"href":"https:\/\/elcronistadigital.com\/index.php?rest_route=\/wp\/v2\/posts"}],"about":[{"href":"https:\/\/elcronistadigital.com\/index.php?rest_route=\/wp\/v2\/types\/post"}],"author":[{"embeddable":true,"href":"https:\/\/elcronistadigital.com\/index.php?rest_route=\/wp\/v2\/users\/1"}],"replies":[{"embeddable":true,"href":"https:\/\/elcronistadigital.com\/index.php?rest_route=%2Fwp%2Fv2%2Fcomments&post=33043"}],"version-history":[{"count":1,"href":"https:\/\/elcronistadigital.com\/index.php?rest_route=\/wp\/v2\/posts\/33043\/revisions"}],"predecessor-version":[{"id":33047,"href":"https:\/\/elcronistadigital.com\/index.php?rest_route=\/wp\/v2\/posts\/33043\/revisions\/33047"}],"wp:featuredmedia":[{"embeddable":true,"href":"https:\/\/elcronistadigital.com\/index.php?rest_route=\/wp\/v2\/media\/33046"}],"wp:attachment":[{"href":"https:\/\/elcronistadigital.com\/index.php?rest_route=%2Fwp%2Fv2%2Fmedia&parent=33043"}],"wp:term":[{"taxonomy":"category","embeddable":true,"href":"https:\/\/elcronistadigital.com\/index.php?rest_route=%2Fwp%2Fv2%2Fcategories&post=33043"},{"taxonomy":"post_tag","embeddable":true,"href":"https:\/\/elcronistadigital.com\/index.php?rest_route=%2Fwp%2Fv2%2Ftags&post=33043"}],"curies":[{"name":"wp","href":"https:\/\/api.w.org\/{rel}","templated":true}]}}