{"id":33048,"date":"2014-06-24T17:16:32","date_gmt":"2014-06-24T23:16:32","guid":{"rendered":"http:\/\/elcronistadigital.com\/?p=33048"},"modified":"2014-06-24T17:16:32","modified_gmt":"2014-06-24T23:16:32","slug":"alertan-en-nicaragua-sobre-aumento-de-ninos-migrantes","status":"publish","type":"post","link":"https:\/\/elcronistadigital.com\/?p=33048","title":{"rendered":"Alertan en Nicaragua sobre aumento de ni\u00f1os migrantes"},"content":{"rendered":"<p><a href=\"https:\/\/elcronistadigital.com\/?attachment_id=33049\" rel=\"attachment wp-att-33049\"><img loading=\"lazy\" decoding=\"async\" class=\"alignright size-full wp-image-33049\" alt=\"child\" src=\"https:\/\/elcronistadigital.com\/wp-content\/uploads\/2014\/06\/child.jpg\" width=\"450\" height=\"280\" srcset=\"https:\/\/elcronistadigital.com\/wp-content\/uploads\/2014\/06\/child.jpg 450w, https:\/\/elcronistadigital.com\/wp-content\/uploads\/2014\/06\/child-300x186.jpg 300w, https:\/\/elcronistadigital.com\/wp-content\/uploads\/2014\/06\/child-342x212.jpg 342w\" sizes=\"auto, (max-width: 450px) 100vw, 450px\" \/><\/a>La Conferencia Regional para las Migraciones (CRM) alert\u00f3 este martes en Managua que ha aumentado el flujo de ni\u00f1os migrantes de edades tempranas que viajan sin compa\u00f1\u00eda o con traficantes de ilegales en su intento de llegar a Estados Unidos.<\/p>\n<p>El director regional del organismo, Robert Paiva, dijo que ni\u00f1os \u201cmuy chiquitos\u201d, con edades de entre cuatro y cinco a\u00f1os, est\u00e1n viajando solos en una situaci\u00f3n \u201cde alto riesgo\u201d por el peligro de la violencia en la regi\u00f3n y su propia vulnerabilidad.<\/p>\n<p>Por lo general, los menores son trasladados por los \u201ccoyotes\u201d o un adulto sin ning\u00fan parentesco ayuda a los peque\u00f1os en su largo y dif\u00edcil camino, manifest\u00f3.<\/p>\n<p>El aumento de menores indocumentados \u201ces muy grande\u201d en comparaci\u00f3n con el a\u00f1o pasado, dijo, seg\u00fan publica Notimex.<\/p>\n<p>El n\u00famero estimado en 45 mil ni\u00f1os centroamericanos ilegales en Estados Unidos podr\u00eda ser mayor, por los que no han sido detectados por las autoridades migratorias, dijo Paiva.<\/p>\n<p>Los menores que han entrado ilegalmente a Estados Unidos proceden principalmente de Guatemala, El Salvador y Honduras.<\/p>\n<p>El tema es analizado este martes en esta capital por autoridades de Migraci\u00f3n y los Ministerios de Gobernaci\u00f3n de la regi\u00f3n, Belice y Panam\u00e1.<\/p>\n<p>En d\u00edas pasados, Estados Unidos prometi\u00f3 ayuda financiera adicional a Am\u00e9rica Central para programas sociales que ayuden a atender las causas del aumento de migraci\u00f3n indocumentada.<\/p>\n","protected":false},"excerpt":{"rendered":"<p>La Conferencia Regional para las Migraciones (CRM) alert\u00f3 este martes en Managua que ha aumentado el flujo de ni\u00f1os migrantes de edades tempranas que viajan sin compa\u00f1\u00eda o con traficantes de ilegales en su intento de llegar a Estados Unidos. El director regional del organismo, Robert Paiva, dijo que ni\u00f1os \u201cmuy chiquitos\u201d, con edades de [&hellip;]<\/p>\n","protected":false},"author":1,"featured_media":33049,"comment_status":"open","ping_status":"open","sticky":false,"template":"","format":"standard","meta":{"om_disable_all_campaigns":false,"_monsterinsights_skip_tracking":false,"_monsterinsights_sitenote_active":false,"_monsterinsights_sitenote_note":"","_monsterinsights_sitenote_category":0,"footnotes":""},"categories":[3,16],"tags":[],"class_list":["post-33048","post","type-post","status-publish","format-standard","has-post-thumbnail","hentry","category-nacionales","category-migrante"],"aioseo_notices":[],"_links":{"self":[{"href":"https:\/\/elcronistadigital.com\/index.php?rest_route=\/wp\/v2\/posts\/33048","targetHints":{"allow":["GET"]}}],"collection":[{"href":"https:\/\/elcronistadigital.com\/index.php?rest_route=\/wp\/v2\/posts"}],"about":[{"href":"https:\/\/elcronistadigital.com\/index.php?rest_route=\/wp\/v2\/types\/post"}],"author":[{"embeddable":true,"href":"https:\/\/elcronistadigital.com\/index.php?rest_route=\/wp\/v2\/users\/1"}],"replies":[{"embeddable":true,"href":"https:\/\/elcronistadigital.com\/index.php?rest_route=%2Fwp%2Fv2%2Fcomments&post=33048"}],"version-history":[{"count":1,"href":"https:\/\/elcronistadigital.com\/index.php?rest_route=\/wp\/v2\/posts\/33048\/revisions"}],"predecessor-version":[{"id":33050,"href":"https:\/\/elcronistadigital.com\/index.php?rest_route=\/wp\/v2\/posts\/33048\/revisions\/33050"}],"wp:featuredmedia":[{"embeddable":true,"href":"https:\/\/elcronistadigital.com\/index.php?rest_route=\/wp\/v2\/media\/33049"}],"wp:attachment":[{"href":"https:\/\/elcronistadigital.com\/index.php?rest_route=%2Fwp%2Fv2%2Fmedia&parent=33048"}],"wp:term":[{"taxonomy":"category","embeddable":true,"href":"https:\/\/elcronistadigital.com\/index.php?rest_route=%2Fwp%2Fv2%2Fcategories&post=33048"},{"taxonomy":"post_tag","embeddable":true,"href":"https:\/\/elcronistadigital.com\/index.php?rest_route=%2Fwp%2Fv2%2Ftags&post=33048"}],"curies":[{"name":"wp","href":"https:\/\/api.w.org\/{rel}","templated":true}]}}