{"id":33051,"date":"2014-06-25T06:44:25","date_gmt":"2014-06-25T12:44:25","guid":{"rendered":"http:\/\/elcronistadigital.com\/?p=33051"},"modified":"2014-06-25T06:44:25","modified_gmt":"2014-06-25T12:44:25","slug":"proxima-semana-anunciaran-ruta-del-canal","status":"publish","type":"post","link":"https:\/\/elcronistadigital.com\/?p=33051","title":{"rendered":"Pr\u00f3xima semana anunciar\u00e1n ruta del canal"},"content":{"rendered":"<p><a href=\"https:\/\/elcronistadigital.com\/?attachment_id=33052\" rel=\"attachment wp-att-33052\"><img loading=\"lazy\" decoding=\"async\" class=\"alignleft size-full wp-image-33052\" alt=\"ruta-canal-nicaragua\" src=\"https:\/\/elcronistadigital.com\/wp-content\/uploads\/2014\/06\/ruta-canal-nicaragua.jpg\" width=\"298\" height=\"320\" srcset=\"https:\/\/elcronistadigital.com\/wp-content\/uploads\/2014\/06\/ruta-canal-nicaragua.jpg 298w, https:\/\/elcronistadigital.com\/wp-content\/uploads\/2014\/06\/ruta-canal-nicaragua-279x300.jpg 279w, https:\/\/elcronistadigital.com\/wp-content\/uploads\/2014\/06\/ruta-canal-nicaragua-80x85.jpg 80w\" sizes=\"auto, (max-width: 298px) 100vw, 298px\" \/><\/a>El Gobierno de Nicaragua anunci\u00f3 el martes que la pr\u00f3xima semana dar\u00e1 a conocer la ruta que tendr\u00e1 su canal interoce\u00e1nico.<\/p>\n<p>El anuncio fue realizado por el secretario de pol\u00edticas p\u00fablicas del Gobierno, Paul Oquist, en un encuentro con los jefes de misiones de Nicaragua ante la Uni\u00f3n Europea (UE), indic\u00f3 la Canciller\u00eda nicarag\u00fcense en un comunicado citado por Efe.<\/p>\n<p>En el marco de ese encuentro, Oquist \u00abactualiz\u00f3\u00bb a los jefes de misi\u00f3n de las embajadas nicarag\u00fcenses en la UE \u00absobre el proyecto del Gran Canal Interoce\u00e1nico de Nicaragua, informando que la pr\u00f3xima semana se anunciar\u00e1 la ruta del mismo\u00bb, afirm\u00f3 la fuente.<\/p>\n<p>\u00abEl representante del Gobierno destac\u00f3 las oportunidades y desaf\u00edos que presenta para la inversi\u00f3n extranjera la construcci\u00f3n del Gran Canal para el sector de construcci\u00f3n, infraestructura, educaci\u00f3n, asistencia t\u00e9cnica y agroindustria\u00bb, agreg\u00f3.<\/p>\n<p>El Gobierno nicarag\u00fcense y la empresa china HKND Group firmaron el 14 de junio de 2013 un acuerdo marco para la construcci\u00f3n del proyecto Gran Canal Interoce\u00e1nico, que contempla su concesi\u00f3n y explotaci\u00f3n por 50 a\u00f1os, prorrogables por otros 50.<\/p>\n<p>El canal, que permitir\u00e1 el paso de grandes buques entre el Caribe y el Pac\u00edfico, ser\u00e1 construido por HKND Group con una inversi\u00f3n estimada por el Gobierno en 40.000 millones de d\u00f3lares.<\/p>\n<p>El grupo chino HKND inform\u00f3 que present\u00f3 al Banco Mundial, el pasado 23 de abril, los estudios de viabilidad del proyecto, que espera comenzar a construir en diciembre pr\u00f3ximo.<\/p>\n<p>Seg\u00fan la ley, el canal nicarag\u00fcense podr\u00eda estar parcialmente construido para 2019, a\u00f1o en el que tendr\u00eda capacidad para captar 416 millones de toneladas m\u00e9tricas, lo que representar\u00eda el 3,9 % de la carga mar\u00edtima mundial.<\/p>\n<p>La zona de construcci\u00f3n del canal ser\u00e1 declarada de \u00abutilidad p\u00fablica\u00bb y el Estado nicarag\u00fcense indemnizar\u00e1 a los due\u00f1os de los terrenos afectados en un plazo no mayor de 10 a\u00f1os, de com\u00fan acuerdo entre las partes.<\/p>\n<p>El proyecto del canal interoce\u00e1nico de Nicaragua pretende ser una alternativa al de Panam\u00e1, al permitir el paso de barcos m\u00e1s grandes que la v\u00eda paname\u00f1a ampliada.<\/p>\n<p>El Gran Canal Interoce\u00e1nico de Nicaragua incluir\u00eda una v\u00eda acu\u00e1tica m\u00e1s ancha que el Canal de Panam\u00e1 ampliado y uno seco ferroviario, oleoductos, dos puertos de aguas profundas, zonas francas y dos aeropuertos, tanto en el litoral Caribe como en el Pac\u00edfico.<\/p>\n","protected":false},"excerpt":{"rendered":"<p>El Gobierno de Nicaragua anunci\u00f3 el martes que la pr\u00f3xima semana dar\u00e1 a conocer la ruta que tendr\u00e1 su canal interoce\u00e1nico. El anuncio fue realizado por el secretario de pol\u00edticas p\u00fablicas del Gobierno, Paul Oquist, en un encuentro con los jefes de misiones de Nicaragua ante la Uni\u00f3n Europea (UE), indic\u00f3 la Canciller\u00eda nicarag\u00fcense en [&hellip;]<\/p>\n","protected":false},"author":1,"featured_media":33052,"comment_status":"open","ping_status":"open","sticky":false,"template":"","format":"standard","meta":{"om_disable_all_campaigns":false,"_monsterinsights_skip_tracking":false,"_monsterinsights_sitenote_active":false,"_monsterinsights_sitenote_note":"","_monsterinsights_sitenote_category":0,"footnotes":""},"categories":[3524,13],"tags":[],"class_list":["post-33051","post","type-post","status-publish","format-standard","has-post-thumbnail","hentry","category-noticas","category-portada"],"aioseo_notices":[],"_links":{"self":[{"href":"https:\/\/elcronistadigital.com\/index.php?rest_route=\/wp\/v2\/posts\/33051","targetHints":{"allow":["GET"]}}],"collection":[{"href":"https:\/\/elcronistadigital.com\/index.php?rest_route=\/wp\/v2\/posts"}],"about":[{"href":"https:\/\/elcronistadigital.com\/index.php?rest_route=\/wp\/v2\/types\/post"}],"author":[{"embeddable":true,"href":"https:\/\/elcronistadigital.com\/index.php?rest_route=\/wp\/v2\/users\/1"}],"replies":[{"embeddable":true,"href":"https:\/\/elcronistadigital.com\/index.php?rest_route=%2Fwp%2Fv2%2Fcomments&post=33051"}],"version-history":[{"count":1,"href":"https:\/\/elcronistadigital.com\/index.php?rest_route=\/wp\/v2\/posts\/33051\/revisions"}],"predecessor-version":[{"id":33053,"href":"https:\/\/elcronistadigital.com\/index.php?rest_route=\/wp\/v2\/posts\/33051\/revisions\/33053"}],"wp:featuredmedia":[{"embeddable":true,"href":"https:\/\/elcronistadigital.com\/index.php?rest_route=\/wp\/v2\/media\/33052"}],"wp:attachment":[{"href":"https:\/\/elcronistadigital.com\/index.php?rest_route=%2Fwp%2Fv2%2Fmedia&parent=33051"}],"wp:term":[{"taxonomy":"category","embeddable":true,"href":"https:\/\/elcronistadigital.com\/index.php?rest_route=%2Fwp%2Fv2%2Fcategories&post=33051"},{"taxonomy":"post_tag","embeddable":true,"href":"https:\/\/elcronistadigital.com\/index.php?rest_route=%2Fwp%2Fv2%2Ftags&post=33051"}],"curies":[{"name":"wp","href":"https:\/\/api.w.org\/{rel}","templated":true}]}}