{"id":33054,"date":"2014-06-25T07:08:46","date_gmt":"2014-06-25T13:08:46","guid":{"rendered":"http:\/\/elcronistadigital.com\/?p=33054"},"modified":"2014-06-25T07:08:46","modified_gmt":"2014-06-25T13:08:46","slug":"exodo-de-ninos-indica-que-algo-grave-esta-pasando","status":"publish","type":"post","link":"https:\/\/elcronistadigital.com\/?p=33054","title":{"rendered":"\u00c9xodo de ni\u00f1os indica que algo grave est\u00e1 pasando"},"content":{"rendered":"<p><a href=\"https:\/\/elcronistadigital.com\/?attachment_id=33055\" rel=\"attachment wp-att-33055\"><img loading=\"lazy\" decoding=\"async\" class=\"alignleft size-full wp-image-33055\" alt=\"ni\u00f1os migrantes\" src=\"https:\/\/elcronistadigital.com\/wp-content\/uploads\/2014\/06\/ni\u00f1os-migrantes.jpg\" width=\"333\" height=\"247\" srcset=\"https:\/\/elcronistadigital.com\/wp-content\/uploads\/2014\/06\/ni\u00f1os-migrantes.jpg 333w, https:\/\/elcronistadigital.com\/wp-content\/uploads\/2014\/06\/ni\u00f1os-migrantes-300x222.jpg 300w, https:\/\/elcronistadigital.com\/wp-content\/uploads\/2014\/06\/ni\u00f1os-migrantes-60x45.jpg 60w, https:\/\/elcronistadigital.com\/wp-content\/uploads\/2014\/06\/ni\u00f1os-migrantes-269x201.jpg 269w\" sizes=\"auto, (max-width: 333px) 100vw, 333px\" \/><\/a>Acompa\u00f1ados por el sacerdote Alejandro Solalinde y activistas de Amnist\u00eda Internacional (AI) en M\u00e9xico, migrantes centroamericanos realizaron protestas en las embajadas de Honduras, El Salvador, Guatemala y Nicaragua, para exigir a los gobiernos de esos pa\u00edses que compartan su responsabilidad por el \u00e9xodo de personas que buscan llegar a Estados Unidos.<\/p>\n<p>Solalinde Guerra, coordinador de la Pastoral de la Movilidad Humana, critic\u00f3 que frente a la tragedia humanitaria el gobierno de Enrique Pe\u00f1a Nieto mantenga una \u201cpol\u00edtica reproductiva del sistema de seguridad y estrategia de Estados Unidos\u201d, seg\u00fan publica Proceso.<\/p>\n<p>Ante el anuncio de que el gobierno de Barack Obama reforzar\u00e1 su frontera sur para impedir el paso de indocumentados, sobre todo de menores de edad que viajan solos, el religioso consider\u00f3 previsible la reacci\u00f3n estadunidense por \u201cser un imperio que tiene que proteger los intereses de los ricos\u201d.<\/p>\n<p>Frente a la tragedia, fustig\u00f3, \u201cnos debe avergonzar lo que pasa del Bravo para ac\u00e1. M\u00e9xico no puede seguir simplemente aplicando una pol\u00edtica reproductiva de la pol\u00edtica de seguridad estrat\u00e9gica de Estados Unidos. M\u00e9xico tiene que retomar su vocaci\u00f3n y capacidad de asilo\u201d.<\/p>\n<p>En la primera parada del recorrido de la caravana de migrantes, en la embajada de Honduras, el tambi\u00e9n responsable del albergue Hermanos en el Camino de Tuxtepec, Oaxaca, resalt\u00f3 que en la reuni\u00f3n con el embajador Jos\u00e9 Mariano Castillo Mercado, \u00e9ste se dijo sorprendido por la informaci\u00f3n que le proporcionaron sus compatriotas, v\u00edctimas de abusos y terribles delitos en su paso por M\u00e9xico de camino a Estados Unidos.<\/p>\n<p>\u201cEl embajador dijo que no ten\u00eda informaci\u00f3n, que hab\u00eda o\u00eddo algo que eran figuraciones, esa fue la palabra que escuch\u00f3, cuando la mayor\u00eda de los migrantes, en el caso de mujeres violadas, son hondure\u00f1as; la mayor\u00eda de los extorsionados, son hondure\u00f1os, y muchos de los que participan forzadamente como sicarios y que van a las c\u00e1rceles, son hondure\u00f1os, y tambi\u00e9n la mayor\u00eda de los que han encontrado y encontrar\u00e1n en las fosas clandestinas, como las de Texas, son hondure\u00f1os. Hay que entender que el embajador est\u00e1 ah\u00ed para proteger a su gobierno, no al pueblo\u201d, acot\u00f3 Solalinde.<\/p>\n<p>El sacerdote insisti\u00f3 en la gravedad del problema al se\u00f1alar que para los gobiernos de M\u00e9xico, Centroam\u00e9rica y Estados Unidos deber\u00eda por lo menos inquietarles que \u201cmiles de ni\u00f1os y madres est\u00e1n huyendo de sus pa\u00edses, eso es se\u00f1al de que algo muy grave est\u00e1 pasando y que es necesario actuar\u201d.<\/p>\n<p>Despu\u00e9s de proponer la creaci\u00f3n de un programa de estancia intermedia en M\u00e9xico para migrantes centroamericanos, en tanto se mejoran las condiciones de seguridad para quienes salieron huyendo, Solalinde resalt\u00f3 las intervenciones de los indocumentados al entrevistarse con autoridades diplom\u00e1ticas, al ofrecer \u201cpropuestas muy profesionales, porque si hay qui\u00e9n sepa qu\u00e9 es lo que pasa en sus pa\u00edses de origen y en el tr\u00e1nsito a Estados Unidos, son ellos\u201d.<\/p>\n<p>Chasel Colorado, coordinadora de incidencia en pol\u00edticas p\u00fablicas de AI, insisti\u00f3 en que M\u00e9xico y no s\u00f3lo los pa\u00edses de origen de los migrantes tienen una responsabilidad humanitaria ante la crisis acentuada en este a\u00f1o.<\/p>\n<p>Los abusos cometidos contra migrantes como \u201cextorsiones, palizas y violencia sexual\u201d, y la falta de atenci\u00f3n de las sedes diplom\u00e1ticas, resalt\u00f3, son los temas de mayor preocupaci\u00f3n para Amnist\u00eda, \u201cpor lo que las autoridades mexicanas no tienen excusa para continuar ignorando los derechos m\u00e1s fundamentales de las personas migrantes\u201d.<\/p>\n<p>A unos d\u00edas de que el vicepresidente de Estados Unidos, Joseph Biden, se reuniera con funcionarios de Guatemala, Honduras y El Salvador para anunciar que Obama destinar\u00e1 9.6 millones de d\u00f3lares a esos pa\u00edses para la repatriaci\u00f3n de migrantes, los integrantes de la caravana encabezada por Solalinde manifestaron su inconformidad por la respuesta de sus gobiernos a la crisis humanitaria.<\/p>\n<p>El hondure\u00f1o Wilson Alexis Machado se quej\u00f3 de que el gobierno de Juan Orlando Hern\u00e1ndez haya aceptado el apoyo del gobierno de Estados Unidos \u201cpara la devoluci\u00f3n de los migrantes, s\u00f3lo le interesa el dinero, no la gente\u201d.<\/p>\n<p>Luego del encuentro con la diplomacia de su pa\u00eds, dijo sentirse \u201cm\u00e1s que decepcionado, enojado y enfadado, porque tenemos a pol\u00edticos impotentes que dicen que no pueden hacer nada, que no tienen facultades m\u00e1s que para retransmitir el mensaje y servir de canal de comunicaci\u00f3n, porque su trabajo es secretarial, documentarnos para que M\u00e9xico pueda deportarnos\u201d.<\/p>\n","protected":false},"excerpt":{"rendered":"<p>Acompa\u00f1ados por el sacerdote Alejandro Solalinde y activistas de Amnist\u00eda Internacional (AI) en M\u00e9xico, migrantes centroamericanos realizaron protestas en las embajadas de Honduras, El Salvador, Guatemala y Nicaragua, para exigir a los gobiernos de esos pa\u00edses que compartan su responsabilidad por el \u00e9xodo de personas que buscan llegar a Estados Unidos. Solalinde Guerra, coordinador de [&hellip;]<\/p>\n","protected":false},"author":1,"featured_media":33055,"comment_status":"open","ping_status":"open","sticky":false,"template":"","format":"standard","meta":{"om_disable_all_campaigns":false,"_monsterinsights_skip_tracking":false,"_monsterinsights_sitenote_active":false,"_monsterinsights_sitenote_note":"","_monsterinsights_sitenote_category":0,"footnotes":""},"categories":[16,3524],"tags":[],"class_list":["post-33054","post","type-post","status-publish","format-standard","has-post-thumbnail","hentry","category-migrante","category-noticas"],"aioseo_notices":[],"_links":{"self":[{"href":"https:\/\/elcronistadigital.com\/index.php?rest_route=\/wp\/v2\/posts\/33054","targetHints":{"allow":["GET"]}}],"collection":[{"href":"https:\/\/elcronistadigital.com\/index.php?rest_route=\/wp\/v2\/posts"}],"about":[{"href":"https:\/\/elcronistadigital.com\/index.php?rest_route=\/wp\/v2\/types\/post"}],"author":[{"embeddable":true,"href":"https:\/\/elcronistadigital.com\/index.php?rest_route=\/wp\/v2\/users\/1"}],"replies":[{"embeddable":true,"href":"https:\/\/elcronistadigital.com\/index.php?rest_route=%2Fwp%2Fv2%2Fcomments&post=33054"}],"version-history":[{"count":1,"href":"https:\/\/elcronistadigital.com\/index.php?rest_route=\/wp\/v2\/posts\/33054\/revisions"}],"predecessor-version":[{"id":33056,"href":"https:\/\/elcronistadigital.com\/index.php?rest_route=\/wp\/v2\/posts\/33054\/revisions\/33056"}],"wp:featuredmedia":[{"embeddable":true,"href":"https:\/\/elcronistadigital.com\/index.php?rest_route=\/wp\/v2\/media\/33055"}],"wp:attachment":[{"href":"https:\/\/elcronistadigital.com\/index.php?rest_route=%2Fwp%2Fv2%2Fmedia&parent=33054"}],"wp:term":[{"taxonomy":"category","embeddable":true,"href":"https:\/\/elcronistadigital.com\/index.php?rest_route=%2Fwp%2Fv2%2Fcategories&post=33054"},{"taxonomy":"post_tag","embeddable":true,"href":"https:\/\/elcronistadigital.com\/index.php?rest_route=%2Fwp%2Fv2%2Ftags&post=33054"}],"curies":[{"name":"wp","href":"https:\/\/api.w.org\/{rel}","templated":true}]}}