{"id":33057,"date":"2014-06-25T07:32:34","date_gmt":"2014-06-25T13:32:34","guid":{"rendered":"http:\/\/elcronistadigital.com\/?p=33057"},"modified":"2014-06-25T07:32:34","modified_gmt":"2014-06-25T13:32:34","slug":"papa-en-twitter-cuanto-me-gustaria-ver-a-todos-con-un-trabajo-decente","status":"publish","type":"post","link":"https:\/\/elcronistadigital.com\/?p=33057","title":{"rendered":"Papa en twitter: \u00a1Cu\u00e1nto me gustar\u00eda ver a todos con un trabajo decente!"},"content":{"rendered":"<p><a href=\"https:\/\/elcronistadigital.com\/?attachment_id=33058\" rel=\"attachment wp-att-33058\"><img loading=\"lazy\" decoding=\"async\" class=\"alignleft size-full wp-image-33058\" alt=\"twitter papa\" src=\"https:\/\/elcronistadigital.com\/wp-content\/uploads\/2014\/06\/twitter-papa.jpg\" width=\"818\" height=\"545\" srcset=\"https:\/\/elcronistadigital.com\/wp-content\/uploads\/2014\/06\/twitter-papa.jpg 818w, https:\/\/elcronistadigital.com\/wp-content\/uploads\/2014\/06\/twitter-papa-300x199.jpg 300w, https:\/\/elcronistadigital.com\/wp-content\/uploads\/2014\/06\/twitter-papa-342x227.jpg 342w\" sizes=\"auto, (max-width: 818px) 100vw, 818px\" \/><\/a>Ary Waldir Ramos D\u00edaz<\/p>\n<p>El Pont\u00edfice usa todo los medios disponibles para decir que el valor primario del trabajo es el bien de la persona. Una vez m\u00e1s lo reitera, ahora en menos de 130 caracteres a trav\u00e9s de Twitter, en el contexto de una crisis del desempleo generalizada y que golpea sobre todo a los j\u00f3venes.<\/p>\n<p>Sistema econ\u00f3mico servil al dinero<\/p>\n<p>El Papa Francisco no se cansa de pedir \u201cjusticia\u201d y \u201csolidaridad\u201d para cambiar la situaci\u00f3n de las familias y las personas que son marginadas por el sistema econ\u00f3mico. \u00abAnte el desarrollo actual de la econom\u00eda es necesario reafirmar que el trabajo es realmente esencial para la sociedad, para las familias y para los individuos\u00bb dijo el Papa el 20 marzo ante los fieles de la di\u00f3cesis de Terni-Narni-Amelia, Italia, la mayor\u00eda trabajadores de una Acer\u00eda.<\/p>\n<p>El Papa Francisco sobre la crisis econ\u00f3mica y social ha denunciado que es un fen\u00f3meno que priva a las personas de la dignidad de ganarse el pan con sus propias manos. \u201cEl fen\u00f3meno del desempleo, de la falta y la p\u00e9rdida del trabajo, se extiende como una mancha de aceite en vastas zonas de occidente y dilata las fronteras de la pobreza. Y no hay peor pobreza material, quiero subrayarlo, de la que no deja ganarse el pan y priva de la dignidad de trabajo. Y esto \u2026ya no afecta s\u00f3lo al sur del mundo, sino a todo el planeta\u201d.<\/p>\n<p>En este sentido, confirm\u00f3 que es necesario \u201creplantearse la solidaridad\u201d, no como una simple asistencia para los mas pobres, sino como un replanteamiento global de todo el sistema, como b\u00fasqueda de caminos para reformarlo y corregirlo siendo coherentes con los derechos fundamentales de todos los seres humanos. A esta palabra \u201csolidaridad\u201d, que no est\u00e1 bien vista por el mundo econ\u00f3mico &#8211; come si fuera una mala palabra -, hay que devolverle la ciudadan\u00eda social que se merece\u201d asegur\u00f3 el 25 de mayo en un discurso dirigido a los miembros de la Fundaci\u00f3n Centesimus Annus Pro Pontifice.<\/p>\n<p>Crisis \u00e9tica y antropol\u00f3gica<\/p>\n<p>En esa ocasi\u00f3n, el Santo Padre confirm\u00f3 que la crisis no es s\u00f3lo econ\u00f3mica o financiera, sino que hunde sus ra\u00edces en una crisis \u00e9tica y antropol\u00f3gica. \u201cSeguir a los \u00eddolos del poder, del beneficio, del dinero, por encima del valor de la persona, se ha convertido en una norma fundamental de funcionamiento y en criterio decisivo de organizaci\u00f3n. Nos hemos olvidado y nos olvidamos todav\u00eda que, por encima de los negocios, de la l\u00f3gica y de los par\u00e1metros de mercado, est\u00e1 el ser humano y que hay algo que se le debe en cuanto persona, en virtud de su dignidad profunda: darle la posibilidad de vivir dignamente y de participar en el bien com\u00fan.\u201d<\/p>\n<p>El desempleo un problema para Europa y Am\u00e9rica Latina<\/p>\n<p>Los desocupados en Europa equivalen al 12%, seg\u00fan el BCE, banco central europeo. Por su parte, 108 millones de j\u00f3venes en America Latina enfrentan problemas cr\u00f3nicos para iniciar su vida laboral, confirma la OIT (Organizaci\u00f3n Internacional del Trabajo).<\/p>\n<p>Al respecto, el Papa se pregunta \u00bfQue se puede decir sobre la crisis econ\u00f3mica que crea desempleo? \u00abQue es la consecuencia de un sistema econ\u00f3mico que ya no es capaz de crear puestos de trabajo, porque ha puesto en el centro a un \u00eddolo, que se llama dinero. Por lo tanto, &#8211; continu\u00f3 el Papa &#8211; los diferentes representantes pol\u00edticos, sociales y econ\u00f3micos est\u00e1n llamados a promover un enfoque diferente, basado en la justicia y la solidaridad, para garantizar a todos la posibilidad de desarrollar una actividad laboral con dignidad\u00bb.<\/p>\n<p>Francisco asegur\u00f3 que \u201cel trabajo [\u2026] debe estar al alcance de todos. Esta fase de graves dificultades y de desempleo debe ser afrontada con las herramientas de la \u201ccreatividad\u201d y la \u201csolidaridad\u201d\u00bb afirm\u00f3 el Papa ante un grupo de obreros de una Acer\u00eda del sur de Italia.<\/p>\n","protected":false},"excerpt":{"rendered":"<p>Ary Waldir Ramos D\u00edaz El Pont\u00edfice usa todo los medios disponibles para decir que el valor primario del trabajo es el bien de la persona. Una vez m\u00e1s lo reitera, ahora en menos de 130 caracteres a trav\u00e9s de Twitter, en el contexto de una crisis del desempleo generalizada y que golpea sobre todo a [&hellip;]<\/p>\n","protected":false},"author":1,"featured_media":33058,"comment_status":"open","ping_status":"open","sticky":false,"template":"","format":"standard","meta":{"om_disable_all_campaigns":false,"_monsterinsights_skip_tracking":false,"_monsterinsights_sitenote_active":false,"_monsterinsights_sitenote_note":"","_monsterinsights_sitenote_category":0,"footnotes":""},"categories":[5],"tags":[],"class_list":["post-33057","post","type-post","status-publish","format-standard","has-post-thumbnail","hentry","category-mundo"],"aioseo_notices":[],"_links":{"self":[{"href":"https:\/\/elcronistadigital.com\/index.php?rest_route=\/wp\/v2\/posts\/33057","targetHints":{"allow":["GET"]}}],"collection":[{"href":"https:\/\/elcronistadigital.com\/index.php?rest_route=\/wp\/v2\/posts"}],"about":[{"href":"https:\/\/elcronistadigital.com\/index.php?rest_route=\/wp\/v2\/types\/post"}],"author":[{"embeddable":true,"href":"https:\/\/elcronistadigital.com\/index.php?rest_route=\/wp\/v2\/users\/1"}],"replies":[{"embeddable":true,"href":"https:\/\/elcronistadigital.com\/index.php?rest_route=%2Fwp%2Fv2%2Fcomments&post=33057"}],"version-history":[{"count":1,"href":"https:\/\/elcronistadigital.com\/index.php?rest_route=\/wp\/v2\/posts\/33057\/revisions"}],"predecessor-version":[{"id":33059,"href":"https:\/\/elcronistadigital.com\/index.php?rest_route=\/wp\/v2\/posts\/33057\/revisions\/33059"}],"wp:featuredmedia":[{"embeddable":true,"href":"https:\/\/elcronistadigital.com\/index.php?rest_route=\/wp\/v2\/media\/33058"}],"wp:attachment":[{"href":"https:\/\/elcronistadigital.com\/index.php?rest_route=%2Fwp%2Fv2%2Fmedia&parent=33057"}],"wp:term":[{"taxonomy":"category","embeddable":true,"href":"https:\/\/elcronistadigital.com\/index.php?rest_route=%2Fwp%2Fv2%2Fcategories&post=33057"},{"taxonomy":"post_tag","embeddable":true,"href":"https:\/\/elcronistadigital.com\/index.php?rest_route=%2Fwp%2Fv2%2Ftags&post=33057"}],"curies":[{"name":"wp","href":"https:\/\/api.w.org\/{rel}","templated":true}]}}