{"id":33075,"date":"2014-06-25T16:24:42","date_gmt":"2014-06-25T22:24:42","guid":{"rendered":"http:\/\/elcronistadigital.com\/?p=33075"},"modified":"2014-06-25T16:24:42","modified_gmt":"2014-06-25T22:24:42","slug":"cardenal-recibe-premio-aleman-de-la-paz","status":"publish","type":"post","link":"https:\/\/elcronistadigital.com\/?p=33075","title":{"rendered":"Cardenal recibe premio alem\u00e1n de la paz"},"content":{"rendered":"<p><a href=\"https:\/\/elcronistadigital.com\/?attachment_id=33076\" rel=\"attachment wp-att-33076\"><img loading=\"lazy\" decoding=\"async\" class=\"alignleft size-medium wp-image-33076\" alt=\"ARGENTINA-III CONGRESO DE LA LENGUA ESPA\u00d1OLA\" src=\"https:\/\/elcronistadigital.com\/wp-content\/uploads\/2014\/06\/Ernesto-Cardenal-1-300x255.jpg\" width=\"300\" height=\"255\" srcset=\"https:\/\/elcronistadigital.com\/wp-content\/uploads\/2014\/06\/Ernesto-Cardenal-1-300x255.jpg 300w, https:\/\/elcronistadigital.com\/wp-content\/uploads\/2014\/06\/Ernesto-Cardenal-1-342x291.jpg 342w, https:\/\/elcronistadigital.com\/wp-content\/uploads\/2014\/06\/Ernesto-Cardenal-1-234x200.jpg 234w, https:\/\/elcronistadigital.com\/wp-content\/uploads\/2014\/06\/Ernesto-Cardenal-1.jpg 800w\" sizes=\"auto, (max-width: 300px) 100vw, 300px\" \/><\/a>* Dinero, 10.000 euros (13.500 d\u00f3lares), ser\u00e1 destinado a los proyectos de ayuda Pan y Arte de la Fundaci\u00f3n de la Casa de los Tres Mundos y a la Fundaci\u00f3n Solentiname en Nicaragua.<\/p>\n<p>El poeta y te\u00f3logo nicarag\u00fcense Ernesto Cardenal fue distinguido este mi\u00e9rcoles en Berl\u00edn con el Premio de la Paz Theodor Wanner por su lucha en pos de una sociedad justa y libre.<\/p>\n<p>El premio, dotado con 10.000 euros (13.500 d\u00f3lares), ser\u00e1 destinado a los proyectos de ayuda Pan y Arte de la Fundaci\u00f3n de la Casa de los Tres Mundos y a la Fundaci\u00f3n Solentiname en Nicaragua, tal como pidi\u00f3 el antiguo l\u00edder revolucionario, de 89 a\u00f1os.<\/p>\n<p>\u00abAgradezco mucho este premio. No es un premio para m\u00ed, sino para que lo entregue. Por eso he venido desde la otra parte del planeta. Ojal\u00e1 que haya m\u00e1s premios como \u00e9ste para proyectos de solidaridad\u00bb, dijo Cardenal en una charla con dpa y la emisora Deutsche Welle poco antes de recibir el galard\u00f3n.<\/p>\n<p>El sacerdote y antiguo ministro de Cultura de Nicaragua tras la revoluci\u00f3n sandinista, es considerado uno de los representantes m\u00e1s prominentes de la Teolog\u00eda de la Liberaci\u00f3n.<\/p>\n<p>A mediados de la d\u00e9cada del 90, tras la derrota electoral del Frente Sandinista, Cardenal abandon\u00f3 su militancia partidaria por disentir con el desempe\u00f1o del actual presidente Daniel Ortega, que gobern\u00f3 durante la etapa revolucionaria y volvi\u00f3 al poder en 2007.<\/p>\n<p>\u00abEste gobierno no tiene nada de positivo, es una dictadura de Daniel Ortega, su mujer y sus hijos que se est\u00e1n enriqueciendo escandalosamente. Si hay algo positivo, a m\u00ed me cuesta verlo. Peor cosa no puedo decir, adem\u00e1s de que tengo que volver a Nicaragua\u00bb, se\u00f1al\u00f3, tajante.<\/p>\n<p>La distinci\u00f3n por la paz, el entendimiento entre los pueblos y el di\u00e1logo intercultural se otorga desde 2009 en memoria del ejecutivo y mecenas alem\u00e1n Theodor Wanner (1875-1955), impulsor de la fundaci\u00f3n en 1917 del Instituto Alem\u00e1n de Relaciones Exteriores. Es auspiciado por el Ministerio alem\u00e1n de Relaciones Exteriores.<\/p>\n<p>Entre los premiados anteriores figuran el director argentino-israel\u00ed Daniel Barenboim, la jueza Carla del Ponte y la artista Yoko Ono.<\/p>\n","protected":false},"excerpt":{"rendered":"<p>* Dinero, 10.000 euros (13.500 d\u00f3lares), ser\u00e1 destinado a los proyectos de ayuda Pan y Arte de la Fundaci\u00f3n de la Casa de los Tres Mundos y a la Fundaci\u00f3n Solentiname en Nicaragua. El poeta y te\u00f3logo nicarag\u00fcense Ernesto Cardenal fue distinguido este mi\u00e9rcoles en Berl\u00edn con el Premio de la Paz Theodor Wanner por [&hellip;]<\/p>\n","protected":false},"author":1,"featured_media":33076,"comment_status":"open","ping_status":"open","sticky":false,"template":"","format":"standard","meta":{"om_disable_all_campaigns":false,"_monsterinsights_skip_tracking":false,"_monsterinsights_sitenote_active":false,"_monsterinsights_sitenote_note":"","_monsterinsights_sitenote_category":0,"footnotes":""},"categories":[3,10],"tags":[],"class_list":["post-33075","post","type-post","status-publish","format-standard","has-post-thumbnail","hentry","category-nacionales","category-cultura"],"aioseo_notices":[],"_links":{"self":[{"href":"https:\/\/elcronistadigital.com\/index.php?rest_route=\/wp\/v2\/posts\/33075","targetHints":{"allow":["GET"]}}],"collection":[{"href":"https:\/\/elcronistadigital.com\/index.php?rest_route=\/wp\/v2\/posts"}],"about":[{"href":"https:\/\/elcronistadigital.com\/index.php?rest_route=\/wp\/v2\/types\/post"}],"author":[{"embeddable":true,"href":"https:\/\/elcronistadigital.com\/index.php?rest_route=\/wp\/v2\/users\/1"}],"replies":[{"embeddable":true,"href":"https:\/\/elcronistadigital.com\/index.php?rest_route=%2Fwp%2Fv2%2Fcomments&post=33075"}],"version-history":[{"count":1,"href":"https:\/\/elcronistadigital.com\/index.php?rest_route=\/wp\/v2\/posts\/33075\/revisions"}],"predecessor-version":[{"id":33077,"href":"https:\/\/elcronistadigital.com\/index.php?rest_route=\/wp\/v2\/posts\/33075\/revisions\/33077"}],"wp:featuredmedia":[{"embeddable":true,"href":"https:\/\/elcronistadigital.com\/index.php?rest_route=\/wp\/v2\/media\/33076"}],"wp:attachment":[{"href":"https:\/\/elcronistadigital.com\/index.php?rest_route=%2Fwp%2Fv2%2Fmedia&parent=33075"}],"wp:term":[{"taxonomy":"category","embeddable":true,"href":"https:\/\/elcronistadigital.com\/index.php?rest_route=%2Fwp%2Fv2%2Fcategories&post=33075"},{"taxonomy":"post_tag","embeddable":true,"href":"https:\/\/elcronistadigital.com\/index.php?rest_route=%2Fwp%2Fv2%2Ftags&post=33075"}],"curies":[{"name":"wp","href":"https:\/\/api.w.org\/{rel}","templated":true}]}}