{"id":33097,"date":"2014-06-26T06:25:40","date_gmt":"2014-06-26T12:25:40","guid":{"rendered":"http:\/\/elcronistadigital.com\/?p=33097"},"modified":"2014-06-26T06:25:40","modified_gmt":"2014-06-26T12:25:40","slug":"pediran-revision-del-salario-minimo-debido-a-alzas-en-alimentos","status":"publish","type":"post","link":"https:\/\/elcronistadigital.com\/?p=33097","title":{"rendered":"Pedir\u00e1n revisi\u00f3n del salario m\u00ednimo debido a alzas en alimentos"},"content":{"rendered":"<p><a href=\"https:\/\/elcronistadigital.com\/?attachment_id=33098\" rel=\"attachment wp-att-33098\"><img loading=\"lazy\" decoding=\"async\" class=\"alignleft size-medium wp-image-33098\" alt=\"sueldo-minimo-2\" src=\"https:\/\/elcronistadigital.com\/wp-content\/uploads\/2014\/06\/sueldo-minimo-2-300x213.jpg\" width=\"300\" height=\"213\" srcset=\"https:\/\/elcronistadigital.com\/wp-content\/uploads\/2014\/06\/sueldo-minimo-2-300x213.jpg 300w, https:\/\/elcronistadigital.com\/wp-content\/uploads\/2014\/06\/sueldo-minimo-2-342x243.jpg 342w, https:\/\/elcronistadigital.com\/wp-content\/uploads\/2014\/06\/sueldo-minimo-2-90x65.jpg 90w, https:\/\/elcronistadigital.com\/wp-content\/uploads\/2014\/06\/sueldo-minimo-2.jpg 400w\" sizes=\"auto, (max-width: 300px) 100vw, 300px\" \/><\/a>El alza en el precio de productos de la canasta b\u00e1sica, principalmente el frijol de consumo diario, provoc\u00f3 que dirigentes sindicales de Nicaragua anunciaran el mi\u00e9rcoles que plantear\u00e1n al Ministerio del Trabajo (Mitrab), que se revise el salario m\u00ednimo \u00abde urgencia\u00bb.<\/p>\n<p>La Central Sandinista de Trabajadores (CST) y la Coordinadora Sindical explicaron que, mientras el incremento del salario m\u00ednimo promedio qued\u00f3 en 188.46 c\u00f3rdobas (7.2 d\u00f3lares), en marzo pasado, el costo de la canasta b\u00e1sica se elev\u00f3 en 460 c\u00f3rdobas (17.7 d\u00f3lares).<\/p>\n<p>\u00abEsta preocupaci\u00f3n la llevamos a la Mesa del Salario M\u00ednimo (Mitrab) para proponer la necesidad de reajustar el salario m\u00ednimo con car\u00e1cter de urgencia\u00bb, anunci\u00f3 el secretario general de la CST, Roberto Gonz\u00e1lez, citado por Acan Efe.<\/p>\n<p>El l\u00edder sindicalista afirm\u00f3 que sus representantes tienen prevista una reuni\u00f3n con la titular del Mitrab, Alba Luz Torres, ma\u00f1ana jueves, para abordar el tema.<\/p>\n<p>Gonz\u00e1lez asegur\u00f3 que la petici\u00f3n de reajuste est\u00e1 basada en que la Ley de Salario M\u00ednimo permite revisiones cuando hay \u00abefectos negativos\u00bb del contexto econ\u00f3mico, que en este caso estar\u00edan siendo provocados por el alza en los precios del combustible, el acaparamiento de granos b\u00e1sicos por parte de distribuidores y la especulaci\u00f3n de los comerciantes.<\/p>\n<p>La ley indica que el salario m\u00ednimo debe aprobarse en un consenso tripartito entre el gobierno, sindicatos y patronales, aunque tambi\u00e9n puede fijarse con el acuerdo de dos de las partes, como fue el caso del \u00faltimo ajuste, en el que no participaron los empleadores.<\/p>\n","protected":false},"excerpt":{"rendered":"<p>El alza en el precio de productos de la canasta b\u00e1sica, principalmente el frijol de consumo diario, provoc\u00f3 que dirigentes sindicales de Nicaragua anunciaran el mi\u00e9rcoles que plantear\u00e1n al Ministerio del Trabajo (Mitrab), que se revise el salario m\u00ednimo \u00abde urgencia\u00bb. La Central Sandinista de Trabajadores (CST) y la Coordinadora Sindical explicaron que, mientras el [&hellip;]<\/p>\n","protected":false},"author":1,"featured_media":33098,"comment_status":"open","ping_status":"open","sticky":false,"template":"","format":"standard","meta":{"om_disable_all_campaigns":false,"_monsterinsights_skip_tracking":false,"_monsterinsights_sitenote_active":false,"_monsterinsights_sitenote_note":"","_monsterinsights_sitenote_category":0,"footnotes":""},"categories":[3,4],"tags":[],"class_list":["post-33097","post","type-post","status-publish","format-standard","has-post-thumbnail","hentry","category-nacionales","category-economia"],"aioseo_notices":[],"_links":{"self":[{"href":"https:\/\/elcronistadigital.com\/index.php?rest_route=\/wp\/v2\/posts\/33097","targetHints":{"allow":["GET"]}}],"collection":[{"href":"https:\/\/elcronistadigital.com\/index.php?rest_route=\/wp\/v2\/posts"}],"about":[{"href":"https:\/\/elcronistadigital.com\/index.php?rest_route=\/wp\/v2\/types\/post"}],"author":[{"embeddable":true,"href":"https:\/\/elcronistadigital.com\/index.php?rest_route=\/wp\/v2\/users\/1"}],"replies":[{"embeddable":true,"href":"https:\/\/elcronistadigital.com\/index.php?rest_route=%2Fwp%2Fv2%2Fcomments&post=33097"}],"version-history":[{"count":1,"href":"https:\/\/elcronistadigital.com\/index.php?rest_route=\/wp\/v2\/posts\/33097\/revisions"}],"predecessor-version":[{"id":33099,"href":"https:\/\/elcronistadigital.com\/index.php?rest_route=\/wp\/v2\/posts\/33097\/revisions\/33099"}],"wp:featuredmedia":[{"embeddable":true,"href":"https:\/\/elcronistadigital.com\/index.php?rest_route=\/wp\/v2\/media\/33098"}],"wp:attachment":[{"href":"https:\/\/elcronistadigital.com\/index.php?rest_route=%2Fwp%2Fv2%2Fmedia&parent=33097"}],"wp:term":[{"taxonomy":"category","embeddable":true,"href":"https:\/\/elcronistadigital.com\/index.php?rest_route=%2Fwp%2Fv2%2Fcategories&post=33097"},{"taxonomy":"post_tag","embeddable":true,"href":"https:\/\/elcronistadigital.com\/index.php?rest_route=%2Fwp%2Fv2%2Ftags&post=33097"}],"curies":[{"name":"wp","href":"https:\/\/api.w.org\/{rel}","templated":true}]}}