{"id":33100,"date":"2014-06-26T06:42:54","date_gmt":"2014-06-26T12:42:54","guid":{"rendered":"http:\/\/elcronistadigital.com\/?p=33100"},"modified":"2014-06-26T06:42:54","modified_gmt":"2014-06-26T12:42:54","slug":"arranca-reforestacion-en-el-dia-del-arbol","status":"publish","type":"post","link":"https:\/\/elcronistadigital.com\/?p=33100","title":{"rendered":"Arranca reforestaci\u00f3n en el \u201cD\u00eda del \u00c1rbol\u201d"},"content":{"rendered":"<p><a href=\"https:\/\/elcronistadigital.com\/?attachment_id=33102\" rel=\"attachment wp-att-33102\"><img loading=\"lazy\" decoding=\"async\" class=\"alignleft size-full wp-image-33102\" alt=\"\u00e1rbol 1\" src=\"https:\/\/elcronistadigital.com\/wp-content\/uploads\/2014\/06\/\u00e1rbol-11.jpg\" width=\"500\" height=\"265\" srcset=\"https:\/\/elcronistadigital.com\/wp-content\/uploads\/2014\/06\/\u00e1rbol-11.jpg 500w, https:\/\/elcronistadigital.com\/wp-content\/uploads\/2014\/06\/\u00e1rbol-11-300x159.jpg 300w, https:\/\/elcronistadigital.com\/wp-content\/uploads\/2014\/06\/\u00e1rbol-11-342x181.jpg 342w\" sizes=\"auto, (max-width: 500px) 100vw, 500px\" \/><\/a>* La jornada se extender\u00e1 desde el actual mes hasta diciembre y se prev\u00e9 sembrar alrededor de 9 millones 406 mil plantas, las cuales se produjeron en unos 670 viveros de todo el pa\u00eds.<\/p>\n<p>Por celebrarse el viernes 27 de junio el \u201cD\u00eda del \u00c1rbol\u201d, miles de nicarag\u00fcenses participar\u00e1n este jueves en el arranque de una Cruzada Nacional de Reforestaci\u00f3n auspiciada por el Instituto Nacional Forestal (Inafor).<\/p>\n<p>La jornada se extender\u00e1 desde el actual mes hasta diciembre y se prev\u00e9 sembrar alrededor de 9 millones 406 mil plantas, las cuales se produjeron en unos 670 viveros de todo el pa\u00eds, inform\u00f3 esa instituci\u00f3n.<\/p>\n<p>Adem\u00e1s, se acumularon un mill\u00f3n 900 mil bolsas con semillas que a\u00fan no germinan, con las cuales se podr\u00e1 superar la meta propuesta y llegar hasta unos 11 millones de plantas, seg\u00fan informa Prensa Latina.<\/p>\n<p>El director del Inafor, William Schwartz, explic\u00f3 que el 40 por ciento de la reforestaci\u00f3n ser\u00e1 en sistemas agroforestales, para continuar con la pol\u00edtica del Gobierno de reafirmar la seguridad alimentaria.<\/p>\n<p>De manera general, esta campa\u00f1a nacional deber\u00e1 reforestar unas 23 mil 115 hect\u00e1reas.<\/p>\n<p>Seg\u00fan datos oficiales, en los \u00faltimos siete a\u00f1os el Gobierno actual ha reforestado el pa\u00eds a un ritmo de m\u00e1s de 15 mil hect\u00e1reas anuales.<\/p>\n","protected":false},"excerpt":{"rendered":"<p>* La jornada se extender\u00e1 desde el actual mes hasta diciembre y se prev\u00e9 sembrar alrededor de 9 millones 406 mil plantas, las cuales se produjeron en unos 670 viveros de todo el pa\u00eds. Por celebrarse el viernes 27 de junio el \u201cD\u00eda del \u00c1rbol\u201d, miles de nicarag\u00fcenses participar\u00e1n este jueves en el arranque de [&hellip;]<\/p>\n","protected":false},"author":1,"featured_media":33102,"comment_status":"open","ping_status":"open","sticky":false,"template":"","format":"standard","meta":{"om_disable_all_campaigns":false,"_monsterinsights_skip_tracking":false,"_monsterinsights_sitenote_active":false,"_monsterinsights_sitenote_note":"","_monsterinsights_sitenote_category":0,"footnotes":""},"categories":[3,8],"tags":[],"class_list":["post-33100","post","type-post","status-publish","format-standard","has-post-thumbnail","hentry","category-nacionales","category-medio-ambiente"],"aioseo_notices":[],"_links":{"self":[{"href":"https:\/\/elcronistadigital.com\/index.php?rest_route=\/wp\/v2\/posts\/33100","targetHints":{"allow":["GET"]}}],"collection":[{"href":"https:\/\/elcronistadigital.com\/index.php?rest_route=\/wp\/v2\/posts"}],"about":[{"href":"https:\/\/elcronistadigital.com\/index.php?rest_route=\/wp\/v2\/types\/post"}],"author":[{"embeddable":true,"href":"https:\/\/elcronistadigital.com\/index.php?rest_route=\/wp\/v2\/users\/1"}],"replies":[{"embeddable":true,"href":"https:\/\/elcronistadigital.com\/index.php?rest_route=%2Fwp%2Fv2%2Fcomments&post=33100"}],"version-history":[{"count":1,"href":"https:\/\/elcronistadigital.com\/index.php?rest_route=\/wp\/v2\/posts\/33100\/revisions"}],"predecessor-version":[{"id":33103,"href":"https:\/\/elcronistadigital.com\/index.php?rest_route=\/wp\/v2\/posts\/33100\/revisions\/33103"}],"wp:featuredmedia":[{"embeddable":true,"href":"https:\/\/elcronistadigital.com\/index.php?rest_route=\/wp\/v2\/media\/33102"}],"wp:attachment":[{"href":"https:\/\/elcronistadigital.com\/index.php?rest_route=%2Fwp%2Fv2%2Fmedia&parent=33100"}],"wp:term":[{"taxonomy":"category","embeddable":true,"href":"https:\/\/elcronistadigital.com\/index.php?rest_route=%2Fwp%2Fv2%2Fcategories&post=33100"},{"taxonomy":"post_tag","embeddable":true,"href":"https:\/\/elcronistadigital.com\/index.php?rest_route=%2Fwp%2Fv2%2Ftags&post=33100"}],"curies":[{"name":"wp","href":"https:\/\/api.w.org\/{rel}","templated":true}]}}