{"id":33136,"date":"2014-06-27T07:25:47","date_gmt":"2014-06-27T13:25:47","guid":{"rendered":"http:\/\/elcronistadigital.com\/?p=33136"},"modified":"2014-06-27T07:25:47","modified_gmt":"2014-06-27T13:25:47","slug":"ineter-campesinos-ya-pueden-sembrar","status":"publish","type":"post","link":"https:\/\/elcronistadigital.com\/?p=33136","title":{"rendered":"Ineter: \u201ccampesinos ya pueden sembrar\u201d"},"content":{"rendered":"<p><a href=\"https:\/\/elcronistadigital.com\/?attachment_id=33137\" rel=\"attachment wp-att-33137\"><img loading=\"lazy\" decoding=\"async\" class=\"alignleft size-full wp-image-33137\" alt=\"arado\" src=\"https:\/\/elcronistadigital.com\/wp-content\/uploads\/2014\/06\/arado.jpg\" width=\"259\" height=\"194\" srcset=\"https:\/\/elcronistadigital.com\/wp-content\/uploads\/2014\/06\/arado.jpg 259w, https:\/\/elcronistadigital.com\/wp-content\/uploads\/2014\/06\/arado-60x45.jpg 60w, https:\/\/elcronistadigital.com\/wp-content\/uploads\/2014\/06\/arado-150x113.jpg 150w\" sizes=\"auto, (max-width: 259px) 100vw, 259px\" \/><\/a>Los campesinos y productores pueden empezar a sembrar debido a que las lluvias que caen sobre el territorio nacional son favorables para la agricultura, se\u00f1al\u00f3 el jueves Marcio Baca, director de Meteorolog\u00eda del Instituto Nicarag\u00fcense de Estudios Territoriales (Ineter).<\/p>\n<p>Seg\u00fan el reporte, en las pr\u00f3ximas horas se esperan m\u00e1s lluvias en las pr\u00f3ximas horas, que alcanzar\u00e1n la zona del Pac\u00edfico a partir del viernes o s\u00e1bado por la ma\u00f1ana, incrementando los niveles de humedad en los suelos y por lo tanto favorecer\u00e1n los procesos agr\u00edcolas.<\/p>\n<p>Baca detall\u00f3 acumulados de las precipitaciones en la cuenca del r\u00edo Escondido que oscilan entre los 27.2 mil\u00edmetros y los 6.8 mil\u00edmetros, seg\u00fan la web oficial El 19.<\/p>\n<p>Destac\u00f3 que con las lluvias de la \u00faltima semana la regi\u00f3n del Pac\u00edfico se ha recuperado mucho en relaci\u00f3n a sus valores hist\u00f3ricos, especialmente en las zonas del centro sur, donde la recuperaci\u00f3n alcanza hasta un 60%.<\/p>\n<p>Adem\u00e1s indic\u00f3 que la onda tropical numero 7, que podr\u00eda ingresar al pa\u00eds entre el viernes o s\u00e1bado, de traer una estructura s\u00f3lida lograr\u00eda incrementar los niveles de humedad, favoreciendo con lluvias a todo el territorio nacional.<\/p>\n<p>Baca no omiti\u00f3 manifestar que aunque se ve una regularizaci\u00f3n de las lluvias en este mes de junio, \u201cestamos en condiciones neutras, pero con las probabilidades de evolucionar hacia un fen\u00f3meno que nos puede estar afectando y nos est\u00e1 alterando el r\u00e9gimen de precipitaciones\u201d.<\/p>\n<p>No obstante, asegur\u00f3 que las \u00faltimas lluvias que tuvimos fueron muy favorables, \u201cbajo estas circunstancias toda precipitaci\u00f3n que caiga es favorable para las condiciones en la que nos encontramos\u201d.<\/p>\n","protected":false},"excerpt":{"rendered":"<p>Los campesinos y productores pueden empezar a sembrar debido a que las lluvias que caen sobre el territorio nacional son favorables para la agricultura, se\u00f1al\u00f3 el jueves Marcio Baca, director de Meteorolog\u00eda del Instituto Nicarag\u00fcense de Estudios Territoriales (Ineter). Seg\u00fan el reporte, en las pr\u00f3ximas horas se esperan m\u00e1s lluvias en las pr\u00f3ximas horas, que [&hellip;]<\/p>\n","protected":false},"author":1,"featured_media":33137,"comment_status":"open","ping_status":"open","sticky":false,"template":"","format":"standard","meta":{"om_disable_all_campaigns":false,"_monsterinsights_skip_tracking":false,"_monsterinsights_sitenote_active":false,"_monsterinsights_sitenote_note":"","_monsterinsights_sitenote_category":0,"footnotes":""},"categories":[3,13],"tags":[],"class_list":["post-33136","post","type-post","status-publish","format-standard","has-post-thumbnail","hentry","category-nacionales","category-portada"],"aioseo_notices":[],"_links":{"self":[{"href":"https:\/\/elcronistadigital.com\/index.php?rest_route=\/wp\/v2\/posts\/33136","targetHints":{"allow":["GET"]}}],"collection":[{"href":"https:\/\/elcronistadigital.com\/index.php?rest_route=\/wp\/v2\/posts"}],"about":[{"href":"https:\/\/elcronistadigital.com\/index.php?rest_route=\/wp\/v2\/types\/post"}],"author":[{"embeddable":true,"href":"https:\/\/elcronistadigital.com\/index.php?rest_route=\/wp\/v2\/users\/1"}],"replies":[{"embeddable":true,"href":"https:\/\/elcronistadigital.com\/index.php?rest_route=%2Fwp%2Fv2%2Fcomments&post=33136"}],"version-history":[{"count":2,"href":"https:\/\/elcronistadigital.com\/index.php?rest_route=\/wp\/v2\/posts\/33136\/revisions"}],"predecessor-version":[{"id":33139,"href":"https:\/\/elcronistadigital.com\/index.php?rest_route=\/wp\/v2\/posts\/33136\/revisions\/33139"}],"wp:featuredmedia":[{"embeddable":true,"href":"https:\/\/elcronistadigital.com\/index.php?rest_route=\/wp\/v2\/media\/33137"}],"wp:attachment":[{"href":"https:\/\/elcronistadigital.com\/index.php?rest_route=%2Fwp%2Fv2%2Fmedia&parent=33136"}],"wp:term":[{"taxonomy":"category","embeddable":true,"href":"https:\/\/elcronistadigital.com\/index.php?rest_route=%2Fwp%2Fv2%2Fcategories&post=33136"},{"taxonomy":"post_tag","embeddable":true,"href":"https:\/\/elcronistadigital.com\/index.php?rest_route=%2Fwp%2Fv2%2Ftags&post=33136"}],"curies":[{"name":"wp","href":"https:\/\/api.w.org\/{rel}","templated":true}]}}