{"id":33172,"date":"2014-06-28T17:25:08","date_gmt":"2014-06-28T23:25:08","guid":{"rendered":"http:\/\/elcronistadigital.com\/?p=33172"},"modified":"2014-06-28T17:25:08","modified_gmt":"2014-06-28T23:25:08","slug":"bolanos-se-devela-como-ortografo","status":"publish","type":"post","link":"https:\/\/elcronistadigital.com\/?p=33172","title":{"rendered":"Bola\u00f1os se devela como ort\u00f3grafo"},"content":{"rendered":"<p><a href=\"https:\/\/elcronistadigital.com\/?attachment_id=33173\" rel=\"attachment wp-att-33173\"><img loading=\"lazy\" decoding=\"async\" class=\"alignleft size-medium wp-image-33173\" alt=\"Enrique Bola\u00f1os\" src=\"https:\/\/elcronistadigital.com\/wp-content\/uploads\/2014\/06\/Enrique-Bola\u00f1os-300x300.jpg\" width=\"300\" height=\"300\" srcset=\"https:\/\/elcronistadigital.com\/wp-content\/uploads\/2014\/06\/Enrique-Bola\u00f1os-300x300.jpg 300w, https:\/\/elcronistadigital.com\/wp-content\/uploads\/2014\/06\/Enrique-Bola\u00f1os-150x150.jpg 150w, https:\/\/elcronistadigital.com\/wp-content\/uploads\/2014\/06\/Enrique-Bola\u00f1os-50x50.jpg 50w, https:\/\/elcronistadigital.com\/wp-content\/uploads\/2014\/06\/Enrique-Bola\u00f1os-342x342.jpg 342w, https:\/\/elcronistadigital.com\/wp-content\/uploads\/2014\/06\/Enrique-Bola\u00f1os-70x70.jpg 70w, https:\/\/elcronistadigital.com\/wp-content\/uploads\/2014\/06\/Enrique-Bola\u00f1os-55x55.jpg 55w, https:\/\/elcronistadigital.com\/wp-content\/uploads\/2014\/06\/Enrique-Bola\u00f1os.jpg 351w\" sizes=\"auto, (max-width: 300px) 100vw, 300px\" \/><\/a>El expresidente de Nicaragua Enrique Bola\u00f1os (2002-2007) anunci\u00f3 este s\u00e1bado la publicaci\u00f3n de una nueva edici\u00f3n de su manual de ortograf\u00eda, concebido, principalmente, para secretarias.<\/p>\n<p>La nueva edici\u00f3n del manual, titulada \u00abPara m\u00ed y mi secretaria\u00bb, es la tercera edici\u00f3n del original \u00abBreve manual de ortograf\u00eda para secretarias\u00bb, que public\u00f3 Bola\u00f1os en los a\u00f1os ochenta, seg\u00fan informa Efe.<\/p>\n<p>La edici\u00f3n anterior del manual de ortograf\u00eda de Bola\u00f1os, que tiene 86 a\u00f1os de edad, fue publicada en 1996.<\/p>\n<p>La versi\u00f3n actual, anunciada a trav\u00e9s de su p\u00e1gina web, www.enriquebolanos.org, incluye definiciones gramaticales con ejemplos, uso de signos de puntuaci\u00f3n, may\u00fasculas, min\u00fasculas, tipos de letras \u00aby varios etc\u00e9teras m\u00e1s\u00bb, de acuerdo con la presentaci\u00f3n.<\/p>\n<p>\u00abNo soy un fil\u00f3logo ni nada por el estilo. Solamente soy un ingeniero industrial, que he aplicado mis conocimientos profesionales en organizar, resumir y ejemplificar las reglas gramaticales que dictan los acad\u00e9micos de la lengua espa\u00f1ola\u00bb, explic\u00f3 el expresidente en el documento de referencia.<\/p>\n<p>El manual incluye las reglas gramaticales de la Real Academia Espa\u00f1ola de 2010, explic\u00f3 Bola\u00f1os.<\/p>\n<p>El autor afirm\u00f3 que \u00abPara m\u00ed y mi secretaria\u00bb puede ser le\u00eddo en su web de forma gratuita.<\/p>\n","protected":false},"excerpt":{"rendered":"<p>El expresidente de Nicaragua Enrique Bola\u00f1os (2002-2007) anunci\u00f3 este s\u00e1bado la publicaci\u00f3n de una nueva edici\u00f3n de su manual de ortograf\u00eda, concebido, principalmente, para secretarias. La nueva edici\u00f3n del manual, titulada \u00abPara m\u00ed y mi secretaria\u00bb, es la tercera edici\u00f3n del original \u00abBreve manual de ortograf\u00eda para secretarias\u00bb, que public\u00f3 Bola\u00f1os en los a\u00f1os ochenta, [&hellip;]<\/p>\n","protected":false},"author":1,"featured_media":33173,"comment_status":"open","ping_status":"open","sticky":false,"template":"","format":"standard","meta":{"om_disable_all_campaigns":false,"_monsterinsights_skip_tracking":false,"_monsterinsights_sitenote_active":false,"_monsterinsights_sitenote_note":"","_monsterinsights_sitenote_category":0,"footnotes":""},"categories":[3,10],"tags":[3978],"class_list":["post-33172","post","type-post","status-publish","format-standard","has-post-thumbnail","hentry","category-nacionales","category-cultura","tag-enrique-bolanos-ortgografia"],"aioseo_notices":[],"_links":{"self":[{"href":"https:\/\/elcronistadigital.com\/index.php?rest_route=\/wp\/v2\/posts\/33172","targetHints":{"allow":["GET"]}}],"collection":[{"href":"https:\/\/elcronistadigital.com\/index.php?rest_route=\/wp\/v2\/posts"}],"about":[{"href":"https:\/\/elcronistadigital.com\/index.php?rest_route=\/wp\/v2\/types\/post"}],"author":[{"embeddable":true,"href":"https:\/\/elcronistadigital.com\/index.php?rest_route=\/wp\/v2\/users\/1"}],"replies":[{"embeddable":true,"href":"https:\/\/elcronistadigital.com\/index.php?rest_route=%2Fwp%2Fv2%2Fcomments&post=33172"}],"version-history":[{"count":1,"href":"https:\/\/elcronistadigital.com\/index.php?rest_route=\/wp\/v2\/posts\/33172\/revisions"}],"predecessor-version":[{"id":33174,"href":"https:\/\/elcronistadigital.com\/index.php?rest_route=\/wp\/v2\/posts\/33172\/revisions\/33174"}],"wp:featuredmedia":[{"embeddable":true,"href":"https:\/\/elcronistadigital.com\/index.php?rest_route=\/wp\/v2\/media\/33173"}],"wp:attachment":[{"href":"https:\/\/elcronistadigital.com\/index.php?rest_route=%2Fwp%2Fv2%2Fmedia&parent=33172"}],"wp:term":[{"taxonomy":"category","embeddable":true,"href":"https:\/\/elcronistadigital.com\/index.php?rest_route=%2Fwp%2Fv2%2Fcategories&post=33172"},{"taxonomy":"post_tag","embeddable":true,"href":"https:\/\/elcronistadigital.com\/index.php?rest_route=%2Fwp%2Fv2%2Ftags&post=33172"}],"curies":[{"name":"wp","href":"https:\/\/api.w.org\/{rel}","templated":true}]}}