{"id":33175,"date":"2014-06-28T17:46:47","date_gmt":"2014-06-28T23:46:47","guid":{"rendered":"http:\/\/elcronistadigital.com\/?p=33175"},"modified":"2014-06-28T17:46:47","modified_gmt":"2014-06-28T23:46:47","slug":"sergio-ramirez-presenta-juan-de-juanes","status":"publish","type":"post","link":"https:\/\/elcronistadigital.com\/?p=33175","title":{"rendered":"Sergio Ram\u00edrez presenta Juan de Juanes"},"content":{"rendered":"<p><a href=\"https:\/\/elcronistadigital.com\/?attachment_id=33176\" rel=\"attachment wp-att-33176\"><img loading=\"lazy\" decoding=\"async\" class=\"alignleft size-medium wp-image-33176\" alt=\"juan-de-juanes\" src=\"https:\/\/elcronistadigital.com\/wp-content\/uploads\/2014\/06\/juan-de-juanes-200x300.jpg\" width=\"200\" height=\"300\" srcset=\"https:\/\/elcronistadigital.com\/wp-content\/uploads\/2014\/06\/juan-de-juanes-200x300.jpg 200w, https:\/\/elcronistadigital.com\/wp-content\/uploads\/2014\/06\/juan-de-juanes.jpg 300w\" sizes=\"auto, (max-width: 200px) 100vw, 200px\" \/><\/a>Adriana Bianco<br \/>\nperiodistasenespa\u00f1ol.com<\/p>\n<p>Nicaragua, el bello pa\u00eds centroamericano es la \u00fanica naci\u00f3n que conozco que tiene como h\u00e9roe a un poeta: Rub\u00e9n Dar\u00edo. Recuerdo que los ni\u00f1os en la calle se me acercaban a vender artesan\u00edas y me recitaban sus poes\u00edas.<\/p>\n<p>Es verdad, Nicaragua es tierra de poetas, pero tambi\u00e9n es tierra de narradores. Hay un escritor que vive, siente y escribe sobre Nicaragua: Sergio Ram\u00edrez: \u201cmi mayor legado ser\u00e1 entregarle a mi pa\u00eds un cuerpo literario\u201d, dice, y eso lo est\u00e1 logrando. Es el escritor de Nicaragua y su compromiso con su tierra es definido y definitorio en su vida. Se ha convertido a su vez, en un referente cultural de Centroam\u00e9rica, con su revista virtual Car\u00e1tula, donde promueve y apoya a talentos emergentes de la regi\u00f3n.<\/p>\n<p>Muy joven comienza a publicar pero la situaci\u00f3n pol\u00edtica de su pa\u00eds lo lleva a enrolarse en las filas de la Revoluci\u00f3n Sandinista y llega a ser vicepresidente de la Naci\u00f3n, cuando el Frente Sandinista estuvo en el poder. Sin embargo, la desilusi\u00f3n llega pronto y entre la pol\u00edtica y la literatura, Sergio opt\u00f3 por la literatura. En una conversaci\u00f3n que tuvimos, me explic\u00f3: \u201cla lucha entre pol\u00edtica y literatura ya se resolvi\u00f3, hace m\u00e1s de 10 a\u00f1os que estoy alejado de la pol\u00edtica. Las circunstancias de mi pa\u00eds me pusieron en ese camino, se trataba de una circunstancia muy extraordinaria, la lucha contra la dictadura de Anastasio Somoza. Luego, yo cumpl\u00ed, hice mi tiempo, mi deber y ahora estoy dedicado a escribir\u201d.<\/p>\n<p>Con su novela Margarita, est\u00e1 linda la mar, gana el Premio Alfaguara que lo consagra, (luego vendr\u00e1n muchos premios m\u00e1s). En esta novela hace un paralelismo entre la muerte del poeta Rub\u00e9n Dar\u00edo y la conspiraci\u00f3n tramada contra Somoza. Evoca toda una \u00e9poca y la recrea a trav\u00e9s del lenguaje rubendariano, para enlazar esta situaci\u00f3n hist\u00f3rica con otro momento hist\u00f3rico: el atentado a Somoza.<\/p>\n<p>Siguen libros de cuentos Catalina y Catalina (2001), y El Reino Animal (2007). Vuelve a la novela con Sombras nada m\u00e1s (2002), Mil y una muertes (2005), El cielo llora por m\u00ed (2008) y en 2011 su novela La fugitiva, sobre la vida de la escritora centroamericana Yolanda Oreamuno.<\/p>\n<p>Cuando le pregunt\u00e9 sobre ese intercambio de g\u00e9nero entre novela y cuento, me respondi\u00f3: \u201cen realidad, yo comenc\u00e9 a escribir muy joven, cuando era estudiante de Derecho. Consideraba el cuento separado de la novela y me interesaba m\u00e1s el cuento, de hecho siempre vuelvo a la situaci\u00f3n de cuentista porque el cuento tiene su propio grado de dificultad. La novela es un viaje largo con distintos puertos, uno inicia el viaje pero no sabe en qu\u00e9 puerto va a parar. Pero en el cuento es al rev\u00e9s, hay pocos imprevistos, uno siempre tiene el final. El escritor argentino Cort\u00e1zar pensaba en el nocaut al lector, yo prefiero finales sorpresivos.\u201d<\/p>\n<p>Para inspirarse est\u00e1 alerta, atento, confiesa que a veces escucha las conversaciones en un caf\u00e9, el menor comentario de alguien, le sugiere un cuento.<\/p>\n<p>Generalmente, lee los diarios y las noticias suelen ser detonadores para que se decida a escribir, a veces son las noticias policiales, otras, hechos cotidianos.<\/p>\n<p>En 2007 sinti\u00f3 la necesidad de recordar y cerrar su ciclo pol\u00edtico con Adi\u00f3s Muchachos (extra\u00f1o t\u00edtulo con letra de tango), en el que cuenta las memorias \u00edntimas de la Revoluci\u00f3n: \u201cAll\u00ed digo lo que tengo que decir sobre esa etapa de mi vida\u201d. Seg\u00fan algunos no dijo todo.<\/p>\n<p>Tambi\u00e9n ha abordado el ensayo en Mentiras verdaderas (2001) sobre la cr\u00edtica literaria y en Tambor olvidado (2008). Actualmente, presenta Juan de Juanes un libro de memorias: \u201ceste libro es una reflexi\u00f3n sobre los escritores y la escritura. Surgi\u00f3 de una lectura y de mi experiencia al conocer escritores del boom, como Julio Cort\u00e1zar, Gabriel Garc\u00eda M\u00e1rquez, Carlos Fuentes, pero tambi\u00e9n de escritores contempor\u00e1neos, como Eliseo Alberto, con quien viv\u00ed los avatares de la gira de presentaci\u00f3n del Premio Alfaguara. Recorrimos ciudades, lugares y naci\u00f3 una amistad. Soy un escritor bisagra entre dos generaciones pero de ambas he recibido motivaciones y tengo buenas relaciones con ambas. Este libro es un viaje por la escritura y por los escritores que conoc\u00ed, algunos llegaron a ser mis amigos\u201d.<\/p>\n<p>Juan de Juanes est\u00e1 publicado por una joven editorial, La Pereza, dirigida por Greity Gonz\u00e1lez, quien busca innovar en t\u00edtulos y autores y que nos acerc\u00f3 el escritor a Miami. Celebramos su iniciativa y deseamos muchos libros m\u00e1s.<\/p>\n<p>Al indagar sobre la escritura y la literatura, Ram\u00edrez fue contundente: \u201cla escritura es un acto m\u00e1gico, es un acto de privilegio, de misterio. Es un acto de milagros, porque es un milagro unir palabras para dar una imagen y que el lector la recree, y esa imagen es distinta a la imaginaci\u00f3n del escritor\u201d.<\/p>\n<p>Ante la ola pesimista de que la literatura est\u00e1 en v\u00eda de extinci\u00f3n contest\u00f3: \u201cla literatura no va a desaparecer porque a todo el mundo le gusta que le cuenten historias. Existe una complicidad entre el escritor y el lector. La novela es ficci\u00f3n, pero el lector le cree al escritor y no quiere que lo enga\u00f1en. Por eso la literatura es el arte de contar y hay que tomarse en serio como escritor, es una responsabilidad con uno mismo y con el lector\u201d.<\/p>\n<p>Al pedirle una definici\u00f3n de la literatura, Sergio Ram\u00edrez se sonri\u00f3 y me dio una de las definiciones m\u00e1s bellas que le escuch\u00e9 a un escritor: \u201csoy feliz escribiendo. S\u00e9 que mi obligaci\u00f3n es escribir y ocupar mi d\u00eda en hacerlo me da una gran alegr\u00eda. Gozo cuando estoy frente a la p\u00e1gina en blanco. Disfruto mi oficio y deseo que mis lectores disfruten de lo que leen como yo disfruto de lo que escribo. La literatura para m\u00ed, es una gran felicidad\u201d.<\/p>\n","protected":false},"excerpt":{"rendered":"<p>Adriana Bianco periodistasenespa\u00f1ol.com Nicaragua, el bello pa\u00eds centroamericano es la \u00fanica naci\u00f3n que conozco que tiene como h\u00e9roe a un poeta: Rub\u00e9n Dar\u00edo. Recuerdo que los ni\u00f1os en la calle se me acercaban a vender artesan\u00edas y me recitaban sus poes\u00edas. Es verdad, Nicaragua es tierra de poetas, pero tambi\u00e9n es tierra de narradores. Hay [&hellip;]<\/p>\n","protected":false},"author":1,"featured_media":33176,"comment_status":"open","ping_status":"open","sticky":false,"template":"","format":"standard","meta":{"om_disable_all_campaigns":false,"_monsterinsights_skip_tracking":false,"_monsterinsights_sitenote_active":false,"_monsterinsights_sitenote_note":"","_monsterinsights_sitenote_category":0,"footnotes":""},"categories":[10,3524],"tags":[],"class_list":["post-33175","post","type-post","status-publish","format-standard","has-post-thumbnail","hentry","category-cultura","category-noticas"],"aioseo_notices":[],"_links":{"self":[{"href":"https:\/\/elcronistadigital.com\/index.php?rest_route=\/wp\/v2\/posts\/33175","targetHints":{"allow":["GET"]}}],"collection":[{"href":"https:\/\/elcronistadigital.com\/index.php?rest_route=\/wp\/v2\/posts"}],"about":[{"href":"https:\/\/elcronistadigital.com\/index.php?rest_route=\/wp\/v2\/types\/post"}],"author":[{"embeddable":true,"href":"https:\/\/elcronistadigital.com\/index.php?rest_route=\/wp\/v2\/users\/1"}],"replies":[{"embeddable":true,"href":"https:\/\/elcronistadigital.com\/index.php?rest_route=%2Fwp%2Fv2%2Fcomments&post=33175"}],"version-history":[{"count":1,"href":"https:\/\/elcronistadigital.com\/index.php?rest_route=\/wp\/v2\/posts\/33175\/revisions"}],"predecessor-version":[{"id":33177,"href":"https:\/\/elcronistadigital.com\/index.php?rest_route=\/wp\/v2\/posts\/33175\/revisions\/33177"}],"wp:featuredmedia":[{"embeddable":true,"href":"https:\/\/elcronistadigital.com\/index.php?rest_route=\/wp\/v2\/media\/33176"}],"wp:attachment":[{"href":"https:\/\/elcronistadigital.com\/index.php?rest_route=%2Fwp%2Fv2%2Fmedia&parent=33175"}],"wp:term":[{"taxonomy":"category","embeddable":true,"href":"https:\/\/elcronistadigital.com\/index.php?rest_route=%2Fwp%2Fv2%2Fcategories&post=33175"},{"taxonomy":"post_tag","embeddable":true,"href":"https:\/\/elcronistadigital.com\/index.php?rest_route=%2Fwp%2Fv2%2Ftags&post=33175"}],"curies":[{"name":"wp","href":"https:\/\/api.w.org\/{rel}","templated":true}]}}