{"id":33184,"date":"2014-06-29T07:37:48","date_gmt":"2014-06-29T13:37:48","guid":{"rendered":"http:\/\/elcronistadigital.com\/?p=33184"},"modified":"2014-06-29T07:37:48","modified_gmt":"2014-06-29T13:37:48","slug":"el-palidejo-duro-de-juzgar","status":"publish","type":"post","link":"https:\/\/elcronistadigital.com\/?p=33184","title":{"rendered":"\u201cEl Palidejo\u201d duro de juzgar"},"content":{"rendered":"<p><a href=\"https:\/\/elcronistadigital.com\/?attachment_id=33185\" rel=\"attachment wp-att-33185\"><img loading=\"lazy\" decoding=\"async\" class=\"alignleft size-medium wp-image-33185\" alt=\"Palidejo\" src=\"https:\/\/elcronistadigital.com\/wp-content\/uploads\/2014\/06\/Palidejo-300x204.jpg\" width=\"300\" height=\"204\" srcset=\"https:\/\/elcronistadigital.com\/wp-content\/uploads\/2014\/06\/Palidejo-300x204.jpg 300w, https:\/\/elcronistadigital.com\/wp-content\/uploads\/2014\/06\/Palidejo-342x232.jpg 342w, https:\/\/elcronistadigital.com\/wp-content\/uploads\/2014\/06\/Palidejo.jpg 473w\" sizes=\"auto, (max-width: 300px) 100vw, 300px\" \/><\/a>Cero y van tres. Guatemala no ha podido juzgar al capo costarricense Alejandro Jim\u00e9nez Gonz\u00e1lez, alias \u201cEl Palidejo\u201d, se\u00f1alado de ser el autor intelectual del atentado dirigido contra el nicarag\u00fcense Henry Fari\u00f1as y en el que muri\u00f3 el trovador argentino Facundo Cabral.<\/p>\n<p>El Tribunal de Sentencia de Mayor Riesgo de Guatemala fij\u00f3 para el pr\u00f3ximo 20 de agosto el inicio del juicio al costarricense, seg\u00fan confirm\u00f3 el abogado guatemalteco Bayron Casta\u00f1eda Galindo, quien agreg\u00f3 que el arranque del debate est\u00e1 determinado a que antes de ese d\u00eda, la Corte Suprema de Guatemala resuelva un recurso del Ministerio P\u00fablico, a ra\u00edz de que \u201cuna jueza le rechaz\u00f3 150 medios de prueba\u201d.<\/p>\n<p>Esta es la tercera vez que se programa el debate. La primera ser\u00eda el 19 de noviembre del 2012, pero la aplazaron con el fin de poder juzgar en el mismo proceso a cuatro guatemaltecos implicados en el crimen. Luego lo fijaron para enero del 2013, pero se pospuso por el recurso. Alejandro Jim\u00e9nez permanece preso en Guatemala desde marzo del 2012, cuando lleg\u00f3 procedente de Colombia, se\u00f1ala el diario tico La Naci\u00f3n.<\/p>\n<p>Al tico le atribuyen ordenar un ataque a balazos en que muri\u00f3 Facundo Cabral, el cual fue perpetrado el 9 de julio del 2011 en Ciudad de Guatemala, cuando el cantante argentino viajaba en una camioneta hacia el aeropuerto internacional La Aurora. Lo acompa\u00f1aba el empresario nicarag\u00fcense Henry Fari\u00f1as Fonseca, quien result\u00f3 herido, pero sobrevivi\u00f3.<\/p>\n<p>Seg\u00fan la Polic\u00eda, Fari\u00f1as era el blanco del ataque, que se atribuye a disputas por negocios que manten\u00edan \u00e9l y El Palidejo. Fari\u00f1as fue condenado en octubre del 2012 en Nicaragua por narcotr\u00e1fico.<\/p>\n","protected":false},"excerpt":{"rendered":"<p>Cero y van tres. Guatemala no ha podido juzgar al capo costarricense Alejandro Jim\u00e9nez Gonz\u00e1lez, alias \u201cEl Palidejo\u201d, se\u00f1alado de ser el autor intelectual del atentado dirigido contra el nicarag\u00fcense Henry Fari\u00f1as y en el que muri\u00f3 el trovador argentino Facundo Cabral. El Tribunal de Sentencia de Mayor Riesgo de Guatemala fij\u00f3 para el pr\u00f3ximo [&hellip;]<\/p>\n","protected":false},"author":1,"featured_media":33185,"comment_status":"open","ping_status":"open","sticky":false,"template":"","format":"standard","meta":{"om_disable_all_campaigns":false,"_monsterinsights_skip_tracking":false,"_monsterinsights_sitenote_active":false,"_monsterinsights_sitenote_note":"","_monsterinsights_sitenote_category":0,"footnotes":""},"categories":[3524],"tags":[],"class_list":["post-33184","post","type-post","status-publish","format-standard","has-post-thumbnail","hentry","category-noticas"],"aioseo_notices":[],"_links":{"self":[{"href":"https:\/\/elcronistadigital.com\/index.php?rest_route=\/wp\/v2\/posts\/33184","targetHints":{"allow":["GET"]}}],"collection":[{"href":"https:\/\/elcronistadigital.com\/index.php?rest_route=\/wp\/v2\/posts"}],"about":[{"href":"https:\/\/elcronistadigital.com\/index.php?rest_route=\/wp\/v2\/types\/post"}],"author":[{"embeddable":true,"href":"https:\/\/elcronistadigital.com\/index.php?rest_route=\/wp\/v2\/users\/1"}],"replies":[{"embeddable":true,"href":"https:\/\/elcronistadigital.com\/index.php?rest_route=%2Fwp%2Fv2%2Fcomments&post=33184"}],"version-history":[{"count":1,"href":"https:\/\/elcronistadigital.com\/index.php?rest_route=\/wp\/v2\/posts\/33184\/revisions"}],"predecessor-version":[{"id":33186,"href":"https:\/\/elcronistadigital.com\/index.php?rest_route=\/wp\/v2\/posts\/33184\/revisions\/33186"}],"wp:featuredmedia":[{"embeddable":true,"href":"https:\/\/elcronistadigital.com\/index.php?rest_route=\/wp\/v2\/media\/33185"}],"wp:attachment":[{"href":"https:\/\/elcronistadigital.com\/index.php?rest_route=%2Fwp%2Fv2%2Fmedia&parent=33184"}],"wp:term":[{"taxonomy":"category","embeddable":true,"href":"https:\/\/elcronistadigital.com\/index.php?rest_route=%2Fwp%2Fv2%2Fcategories&post=33184"},{"taxonomy":"post_tag","embeddable":true,"href":"https:\/\/elcronistadigital.com\/index.php?rest_route=%2Fwp%2Fv2%2Ftags&post=33184"}],"curies":[{"name":"wp","href":"https:\/\/api.w.org\/{rel}","templated":true}]}}