{"id":33201,"date":"2014-06-29T19:51:16","date_gmt":"2014-06-30T01:51:16","guid":{"rendered":"http:\/\/elcronistadigital.com\/?p=33201"},"modified":"2014-06-30T06:27:28","modified_gmt":"2014-06-30T12:27:28","slug":"sello-de-narcos-en-costa-rica-tortura-y-balazos","status":"publish","type":"post","link":"https:\/\/elcronistadigital.com\/?p=33201","title":{"rendered":"Sello de narcos en Costa Rica: tortura y balazos"},"content":{"rendered":"<p><a href=\"https:\/\/elcronistadigital.com\/?attachment_id=33202\" rel=\"attachment wp-att-33202\"><img loading=\"lazy\" decoding=\"async\" class=\"alignleft size-medium wp-image-33202\" alt=\"narcos en tico\" src=\"https:\/\/elcronistadigital.com\/wp-content\/uploads\/2014\/06\/narcos-en-tico-300x213.jpg\" width=\"300\" height=\"213\" srcset=\"https:\/\/elcronistadigital.com\/wp-content\/uploads\/2014\/06\/narcos-en-tico-300x213.jpg 300w, https:\/\/elcronistadigital.com\/wp-content\/uploads\/2014\/06\/narcos-en-tico-342x243.jpg 342w, https:\/\/elcronistadigital.com\/wp-content\/uploads\/2014\/06\/narcos-en-tico-90x65.jpg 90w, https:\/\/elcronistadigital.com\/wp-content\/uploads\/2014\/06\/narcos-en-tico.jpg 387w\" sizes=\"auto, (max-width: 300px) 100vw, 300px\" \/><\/a>Los c\u00e1rteles mexicanos de la droga est\u00e1n trasladando el horror a Costa Rica. En lo que va de junio, cuatro personas han sido asesinadas y sus cuerpos fueron hallados con una bolsa en la cabeza, amordazados, maniatados, torturados y acribillados a balazos.<\/p>\n<p>Los jefes del Organismo de Investigaci\u00f3n Judicial (OIJ), Francisco Segura, y del Ministerio P\u00fablico, Jorge Chavarr\u00eda, respectivamente, no dudan al se\u00f1alar que en su mayor\u00eda se trata de homicidios generados por la lucha de poderes entre grupos narco.<\/p>\n<p>El 20 de junio, un hombre apareci\u00f3 en Hatillo, San Jos\u00e9, con una bolsa negra en la cabeza y marcas en las mu\u00f1ecas; el 31 de mayo se descubri\u00f3 el crimen de una t\u00eda y su sobrina, de 15 y 16 a\u00f1os, en San Sebasti\u00e1n, quienes estaban esposadas y con bolsas.<\/p>\n<p>Tambi\u00e9n, el 8 de junio se localiz\u00f3 un cuerpo metido en una bolsa pl\u00e1stica a orillas del r\u00edo Ciruelas, en El Erizo, Alajuela, se\u00f1ala La Naci\u00f3n.<\/p>\n<p>Otros tres casos similares ocurrieron en lo que va del a\u00f1o.<\/p>\n<p>El ensa\u00f1amiento no es casual. Segura explic\u00f3 que el amordazar o tapar la cabeza de las personas refleja una forma de intimidaci\u00f3n y dominaci\u00f3n, acompa\u00f1ada de golpes y torturas con los que el agresor demuestra \u201csu fortaleza\u201d.<\/p>\n<p>El fiscal Jorge Chavarr\u00eda agreg\u00f3 que este tipo de cr\u00edmenes, adem\u00e1s, obedece a un fen\u00f3meno identificado por la criminolog\u00eda italiana como trasplantaci\u00f3n.<\/p>\n<p>\u201cSignifica que las organizaciones criminales tratan de exportar sus modelos a nuevos territorios que empiezan a controlar. Hay una r\u00e9plica de patrones de carteles mexicanos, que son muy territoriales y monop\u00f3licos, y lo materializan a trav\u00e9s de la eliminaci\u00f3n de los competidores de los otros carteles con un mensaje de terror dirigido a que abandonen un territorio\u201d, dijo.<\/p>\n<p>Segura indic\u00f3 que la mayor\u00eda de homicidios como estos se relacionan con el narcotr\u00e1fico. El jefe policial coincide con Chavarr\u00eda en que la forma como eliminan a los rivales es copiada de carteles mexicanos y colombianos.<\/p>\n<p>Sin embargo, Chavarr\u00eda es enf\u00e1tico: m\u00e1s que una copia importada, este tipo de asesinatos en Costa Rica ocurren porque las organizaciones narco est\u00e1n all\u00ed y esta forma de atacar ocurre desde hace ocho a\u00f1os como un fen\u00f3meno paralelo al auge de los carteles en M\u00e9xico.<\/p>\n<p>\u201cLa organizaci\u00f3n matriz, la que tiene el poder, traslada sus m\u00e9todos de actuaci\u00f3n y sus agentes, para aplicar los mismos sistemas operacionales que tienen. No es que estamos copiando patrones, es que las organizaciones mexicanas est\u00e1n en Centroam\u00e9rica\u201d, dijo.<\/p>\n<p>Otro factor que explicar\u00eda el ensa\u00f1amiento con la v\u00edctima es la venganza por los tumbonazos o robo de droga de un cartel a otro.<\/p>\n<p>\u201cHay un \u00e9nfasis de crueldad para sacar informaci\u00f3n a la v\u00edctima sobre los movimientos del competidor o como una forma de castigo por venganza cuando hay tumbonazos\u201d, explic\u00f3 Chavarr\u00eda.<\/p>\n<p>Para las autoridades, los hallazgos de cad\u00e1veres con capuchas aumentaron hace unos a\u00f1os, pero lograron disminuirlos gracias a la coordinaci\u00f3n existente entre la Fiscal\u00eda, la Fuerza P\u00fablica, el OIJ y la PCD.<\/p>\n<p>De enero a mayo de este a\u00f1o, 141 personas han sido asesinadas, pero no fue posible conocer cu\u00e1ntas por casos de drogas.<\/p>\n<p>\u201cNo vamos a acabar con el fen\u00f3meno, pero le podemos dar una contenci\u00f3n adecuada para evitar que se entronice un cartel aqu\u00ed\u201d, se\u00f1al\u00f3 Chavarr\u00eda.<\/p>\n","protected":false},"excerpt":{"rendered":"<p>Los c\u00e1rteles mexicanos de la droga est\u00e1n trasladando el horror a Costa Rica. En lo que va de junio, cuatro personas han sido asesinadas y sus cuerpos fueron hallados con una bolsa en la cabeza, amordazados, maniatados, torturados y acribillados a balazos. Los jefes del Organismo de Investigaci\u00f3n Judicial (OIJ), Francisco Segura, y del Ministerio [&hellip;]<\/p>\n","protected":false},"author":1,"featured_media":33202,"comment_status":"open","ping_status":"open","sticky":false,"template":"","format":"standard","meta":{"om_disable_all_campaigns":false,"_monsterinsights_skip_tracking":false,"_monsterinsights_sitenote_active":false,"_monsterinsights_sitenote_note":"","_monsterinsights_sitenote_category":0,"footnotes":""},"categories":[3524],"tags":[],"class_list":["post-33201","post","type-post","status-publish","format-standard","has-post-thumbnail","hentry","category-noticas"],"aioseo_notices":[],"_links":{"self":[{"href":"https:\/\/elcronistadigital.com\/index.php?rest_route=\/wp\/v2\/posts\/33201","targetHints":{"allow":["GET"]}}],"collection":[{"href":"https:\/\/elcronistadigital.com\/index.php?rest_route=\/wp\/v2\/posts"}],"about":[{"href":"https:\/\/elcronistadigital.com\/index.php?rest_route=\/wp\/v2\/types\/post"}],"author":[{"embeddable":true,"href":"https:\/\/elcronistadigital.com\/index.php?rest_route=\/wp\/v2\/users\/1"}],"replies":[{"embeddable":true,"href":"https:\/\/elcronistadigital.com\/index.php?rest_route=%2Fwp%2Fv2%2Fcomments&post=33201"}],"version-history":[{"count":2,"href":"https:\/\/elcronistadigital.com\/index.php?rest_route=\/wp\/v2\/posts\/33201\/revisions"}],"predecessor-version":[{"id":33208,"href":"https:\/\/elcronistadigital.com\/index.php?rest_route=\/wp\/v2\/posts\/33201\/revisions\/33208"}],"wp:featuredmedia":[{"embeddable":true,"href":"https:\/\/elcronistadigital.com\/index.php?rest_route=\/wp\/v2\/media\/33202"}],"wp:attachment":[{"href":"https:\/\/elcronistadigital.com\/index.php?rest_route=%2Fwp%2Fv2%2Fmedia&parent=33201"}],"wp:term":[{"taxonomy":"category","embeddable":true,"href":"https:\/\/elcronistadigital.com\/index.php?rest_route=%2Fwp%2Fv2%2Fcategories&post=33201"},{"taxonomy":"post_tag","embeddable":true,"href":"https:\/\/elcronistadigital.com\/index.php?rest_route=%2Fwp%2Fv2%2Ftags&post=33201"}],"curies":[{"name":"wp","href":"https:\/\/api.w.org\/{rel}","templated":true}]}}