{"id":33204,"date":"2014-06-29T20:02:49","date_gmt":"2014-06-30T02:02:49","guid":{"rendered":"http:\/\/elcronistadigital.com\/?p=33204"},"modified":"2014-06-29T20:02:49","modified_gmt":"2014-06-30T02:02:49","slug":"a-duarte-se-le-hizo-eterno-resto-del-partido","status":"publish","type":"post","link":"https:\/\/elcronistadigital.com\/?p=33204","title":{"rendered":"A Duarte \u201cse le hizo eterno\u201d resto del partido"},"content":{"rendered":"<p><a href=\"https:\/\/elcronistadigital.com\/?attachment_id=33205\" rel=\"attachment wp-att-33205\"><img loading=\"lazy\" decoding=\"async\" class=\"alignleft size-full wp-image-33205\" alt=\"Oscar Duarte expulsado\" src=\"https:\/\/elcronistadigital.com\/wp-content\/uploads\/2014\/06\/Oscar-Duarte-expulsado.jpg\" width=\"400\" height=\"292\" srcset=\"https:\/\/elcronistadigital.com\/wp-content\/uploads\/2014\/06\/Oscar-Duarte-expulsado.jpg 400w, https:\/\/elcronistadigital.com\/wp-content\/uploads\/2014\/06\/Oscar-Duarte-expulsado-300x219.jpg 300w, https:\/\/elcronistadigital.com\/wp-content\/uploads\/2014\/06\/Oscar-Duarte-expulsado-342x249.jpg 342w, https:\/\/elcronistadigital.com\/wp-content\/uploads\/2014\/06\/Oscar-Duarte-expulsado-60x45.jpg 60w, https:\/\/elcronistadigital.com\/wp-content\/uploads\/2014\/06\/Oscar-Duarte-expulsado-90x65.jpg 90w\" sizes=\"auto, (max-width: 400px) 100vw, 400px\" \/><\/a>\u00d3scar Duarte, central de Costa Rica oriundo de Nicaragua, lament\u00f3 haber sido expulsado por la segunda falta que comet\u00eda y se\u00f1al\u00f3 que se le hizo \u00abeterno\u00bb el tiempo de espera desde que vio la roja, en el 66, hasta el minuto 120, cuando acab\u00f3 la pr\u00f3rroga.<\/p>\n<p>\u00abFue un momento dif\u00edcil. Todo pas\u00f3 muy r\u00e1pido. El \u00e1rbitro sabr\u00e1. S\u00f3lo hice dos faltas y fueron amarilla\u00bb, coment\u00f3 el primer jugador de Costa Rica en ser expulsado en un Mundial, seg\u00fan informa Efe.<\/p>\n<p>Afortunadamente \u00ablos compa\u00f1eros lo dejaron todo en la cancha\u00bb hasta llevar el encuentro a la tanda de penaltis, dijo el defensa del Brujas belga.<\/p>\n<p>\u00abSe me hizo eterno lo que faltaba del partido. Trat\u00e9 de celebrar con los compa\u00f1eros, aunque sent\u00ed algo diferente\u00bb, asever\u00f3.<\/p>\n","protected":false},"excerpt":{"rendered":"<p>\u00d3scar Duarte, central de Costa Rica oriundo de Nicaragua, lament\u00f3 haber sido expulsado por la segunda falta que comet\u00eda y se\u00f1al\u00f3 que se le hizo \u00abeterno\u00bb el tiempo de espera desde que vio la roja, en el 66, hasta el minuto 120, cuando acab\u00f3 la pr\u00f3rroga. \u00abFue un momento dif\u00edcil. Todo pas\u00f3 muy r\u00e1pido. El [&hellip;]<\/p>\n","protected":false},"author":1,"featured_media":33205,"comment_status":"open","ping_status":"open","sticky":false,"template":"","format":"standard","meta":{"om_disable_all_campaigns":false,"_monsterinsights_skip_tracking":false,"_monsterinsights_sitenote_active":false,"_monsterinsights_sitenote_note":"","_monsterinsights_sitenote_category":0,"footnotes":""},"categories":[3524],"tags":[],"class_list":["post-33204","post","type-post","status-publish","format-standard","has-post-thumbnail","hentry","category-noticas"],"aioseo_notices":[],"_links":{"self":[{"href":"https:\/\/elcronistadigital.com\/index.php?rest_route=\/wp\/v2\/posts\/33204","targetHints":{"allow":["GET"]}}],"collection":[{"href":"https:\/\/elcronistadigital.com\/index.php?rest_route=\/wp\/v2\/posts"}],"about":[{"href":"https:\/\/elcronistadigital.com\/index.php?rest_route=\/wp\/v2\/types\/post"}],"author":[{"embeddable":true,"href":"https:\/\/elcronistadigital.com\/index.php?rest_route=\/wp\/v2\/users\/1"}],"replies":[{"embeddable":true,"href":"https:\/\/elcronistadigital.com\/index.php?rest_route=%2Fwp%2Fv2%2Fcomments&post=33204"}],"version-history":[{"count":1,"href":"https:\/\/elcronistadigital.com\/index.php?rest_route=\/wp\/v2\/posts\/33204\/revisions"}],"predecessor-version":[{"id":33206,"href":"https:\/\/elcronistadigital.com\/index.php?rest_route=\/wp\/v2\/posts\/33204\/revisions\/33206"}],"wp:featuredmedia":[{"embeddable":true,"href":"https:\/\/elcronistadigital.com\/index.php?rest_route=\/wp\/v2\/media\/33205"}],"wp:attachment":[{"href":"https:\/\/elcronistadigital.com\/index.php?rest_route=%2Fwp%2Fv2%2Fmedia&parent=33204"}],"wp:term":[{"taxonomy":"category","embeddable":true,"href":"https:\/\/elcronistadigital.com\/index.php?rest_route=%2Fwp%2Fv2%2Fcategories&post=33204"},{"taxonomy":"post_tag","embeddable":true,"href":"https:\/\/elcronistadigital.com\/index.php?rest_route=%2Fwp%2Fv2%2Ftags&post=33204"}],"curies":[{"name":"wp","href":"https:\/\/api.w.org\/{rel}","templated":true}]}}