{"id":33211,"date":"2014-06-30T07:33:12","date_gmt":"2014-06-30T13:33:12","guid":{"rendered":"http:\/\/elcronistadigital.com\/?p=33211"},"modified":"2014-06-30T07:33:12","modified_gmt":"2014-06-30T13:33:12","slug":"la-inquisicion-silenciosa-empieza-a-difundirse","status":"publish","type":"post","link":"https:\/\/elcronistadigital.com\/?p=33211","title":{"rendered":"La Inquisici\u00f3n Silenciosa empieza a difundirse"},"content":{"rendered":"<div id=\"attachment_33212\" style=\"width: 210px\" class=\"wp-caption alignleft\"><a href=\"https:\/\/elcronistadigital.com\/?attachment_id=33212\" rel=\"attachment wp-att-33212\"><img loading=\"lazy\" decoding=\"async\" aria-describedby=\"caption-attachment-33212\" class=\"size-full wp-image-33212\" alt=\"Dra. Carla Cerrato, gineco-obstreta nicarag\u00fcense.\" src=\"https:\/\/elcronistadigital.com\/wp-content\/uploads\/2014\/06\/Dra.-Carla-Cerrato.jpg\" width=\"200\" height=\"200\" srcset=\"https:\/\/elcronistadigital.com\/wp-content\/uploads\/2014\/06\/Dra.-Carla-Cerrato.jpg 200w, https:\/\/elcronistadigital.com\/wp-content\/uploads\/2014\/06\/Dra.-Carla-Cerrato-150x150.jpg 150w, https:\/\/elcronistadigital.com\/wp-content\/uploads\/2014\/06\/Dra.-Carla-Cerrato-50x50.jpg 50w, https:\/\/elcronistadigital.com\/wp-content\/uploads\/2014\/06\/Dra.-Carla-Cerrato-70x70.jpg 70w, https:\/\/elcronistadigital.com\/wp-content\/uploads\/2014\/06\/Dra.-Carla-Cerrato-55x55.jpg 55w\" sizes=\"auto, (max-width: 200px) 100vw, 200px\" \/><\/a><p id=\"caption-attachment-33212\" class=\"wp-caption-text\">Dra. Carla Cerrato, gineco-obstreta nicarag\u00fcense.<\/p><\/div>\n<p>Nueva York.- No son los a\u00f1os 50 en el Reino Unido, sino en pleno siglo XXI en Nicaragua donde una mujer, la doctora sandinista Carla Cerrato, como si fuera la Vera Drake que populariz\u00f3 la pel\u00edcula de Mike Leigh, antepone la vida de sus pacientes a la ley de su pa\u00eds en el documental \u00abA Quiet Inquisition\u00bb (La Inquisici\u00f3n Silenciosa).<\/p>\n<p>Dirigido por la hispanoitaliana Alessandra Zeka y la neoyorquina Holan Sabrina Kahn -ambas pasaron seis a\u00f1os de viajes a Nicaragua para entrar en el d\u00eda a d\u00eda de la protagonista en medio del giro del pa\u00eds hacia la prohibici\u00f3n del aborto terap\u00e9utico-\u00abA Quiet Inquisition\u00bb comienza ahora la difusi\u00f3n de una peque\u00f1a historia tras un exitoso paso por el festival Human Rights Watch, en Nueva York.<\/p>\n<p>\u00abQuer\u00edamos enfocar la pel\u00edcula en un planteamiento de derechos humanos, por lo que estrenarla en este festival nos ha venido genial. Queremos salir de la pol\u00e9mica del aborto s\u00ed o aborto no y poner el foco en el punto legal. Pensamos ense\u00f1ar qu\u00e9 pasa cuando se corta la posibilidad de que la mujer pueda tener a un aborto terap\u00e9utico y c\u00f3mo eso afecta a toda la sociedad\u00bb, dice a Efe Zeka.<\/p>\n<p>\u00abA Quiet Inquisition\u00bb es su sexta pel\u00edcula y encierra un debate que afecta a todos: el de la p\u00e9rdida de derechos y el del posicionamiento ciudadano ante la misma.<\/p>\n<p>\u00abQueremos que la gente reciba la pel\u00edcula como una historia econ\u00f3mica, educativa. Que se entienda lo importante que es la educaci\u00f3n sexual de los chavales, c\u00f3mo es la pobreza lo que lleva a la emergencia&#8230; Salir de la pol\u00e9mica blanco y negro del aborto y preguntar al p\u00fablico, \u00bfqu\u00e9 ocurrir\u00eda si esto sucediera en tu pa\u00eds?\u00bb, afirma la cineasta.<\/p>\n<p>Y todo ello huyendo de \u00abactivistas y bustos parlantes\u00bb o de las v\u00edctimas directas que aparecer\u00edan en un documental al uso, para mirar desde la cotidianeidad de una mujer af\u00edn al r\u00e9gimen pero que ve cada d\u00eda las consecuencias de una decisi\u00f3n pol\u00edtica en su hospital.<\/p>\n<p>Zeka y Kahn leyeron hace ocho a\u00f1os un art\u00edculo del New York Times sobre El Salvador, como ejemplo de pa\u00eds donde el aborto est\u00e1 prohibido sin la excepci\u00f3n terap\u00e9utica, pero tras varios intentos infructuosos por conseguir narradores de esta historia all\u00ed, acudieron a Nicaragua.<\/p>\n<p>All\u00ed, el presidente Daniel Ortega, para asegurarse la victoria electoral en 2006, se ali\u00f3 con la Iglesia Cat\u00f3lica y ofreci\u00f3 como moneda de cambio ilegalizar el aborto incluso en los casos m\u00e1s extremos, tales como riesgo de vida para la madre o violaci\u00f3n, quitando a las mujeres un derecho m\u00e1s que establecido en la sociedad nicarag\u00fcense.<\/p>\n<p>Una vez all\u00ed, donde estuvieron yendo y viniendo entre 2007 y 2013, las directoras descubrieron la historia de la doctora Carla Cerrato, \u00abque es sandinista, que apoya al gobierno, pero que tiene que luchar por ver c\u00f3mo reconcilia tener que cambiar su juramento hipocr\u00e1tico de salvar vidas con la nueva situaci\u00f3n, en la que est\u00e1n muriendo las mujeres\u00bb, describe Zeka.<\/p>\n<p>\u00abPasamos horas y horas en urgencias, con las mujeres, con los trabajadores de la cocina, para que nos conocieran, y nos dieran acceso y no se pusieran en alerta. Durante a\u00f1os he fomentado una relaci\u00f3n con el microuniverso de ella\u00bb, relata la directora, que abord\u00f3 en anteriores filmes temas como los eunucos en la India (en \u00abHarsh Beauty\u00bb), o el s\u00edndrome de Down en \u00abTwo Special Brothers\u00bb.<\/p>\n<p>Y en esos seis a\u00f1os fueron registrando la duda moral, la decepci\u00f3n de la doctora hacia \u00absu comandante\u00bb, como llama ella a Ortega, y la necesidad de poner un fin a la pieza art\u00edstica mientras la vida, inevitablemente, no tiene finales cerrados\u00bb.<\/p>\n<p>Porque, como recuerda Zeka, \u00abdurante este tiempo Daniel Ortega ha cambiado la ley del pa\u00eds y puede presentarse a las elecciones de nuevo, as\u00ed que es posible que la situaci\u00f3n cambie y no a mejor\u00bb.<\/p>\n","protected":false},"excerpt":{"rendered":"<p>Nueva York.- No son los a\u00f1os 50 en el Reino Unido, sino en pleno siglo XXI en Nicaragua donde una mujer, la doctora sandinista Carla Cerrato, como si fuera la Vera Drake que populariz\u00f3 la pel\u00edcula de Mike Leigh, antepone la vida de sus pacientes a la ley de su pa\u00eds en el documental \u00abA [&hellip;]<\/p>\n","protected":false},"author":1,"featured_media":33212,"comment_status":"open","ping_status":"open","sticky":false,"template":"","format":"standard","meta":{"om_disable_all_campaigns":false,"_monsterinsights_skip_tracking":false,"_monsterinsights_sitenote_active":false,"_monsterinsights_sitenote_note":"","_monsterinsights_sitenote_category":0,"footnotes":""},"categories":[3,7],"tags":[2609],"class_list":["post-33211","post","type-post","status-publish","format-standard","has-post-thumbnail","hentry","category-nacionales","category-salud-y-belleza","tag-aborto-terapeutico"],"aioseo_notices":[],"_links":{"self":[{"href":"https:\/\/elcronistadigital.com\/index.php?rest_route=\/wp\/v2\/posts\/33211","targetHints":{"allow":["GET"]}}],"collection":[{"href":"https:\/\/elcronistadigital.com\/index.php?rest_route=\/wp\/v2\/posts"}],"about":[{"href":"https:\/\/elcronistadigital.com\/index.php?rest_route=\/wp\/v2\/types\/post"}],"author":[{"embeddable":true,"href":"https:\/\/elcronistadigital.com\/index.php?rest_route=\/wp\/v2\/users\/1"}],"replies":[{"embeddable":true,"href":"https:\/\/elcronistadigital.com\/index.php?rest_route=%2Fwp%2Fv2%2Fcomments&post=33211"}],"version-history":[{"count":1,"href":"https:\/\/elcronistadigital.com\/index.php?rest_route=\/wp\/v2\/posts\/33211\/revisions"}],"predecessor-version":[{"id":33213,"href":"https:\/\/elcronistadigital.com\/index.php?rest_route=\/wp\/v2\/posts\/33211\/revisions\/33213"}],"wp:featuredmedia":[{"embeddable":true,"href":"https:\/\/elcronistadigital.com\/index.php?rest_route=\/wp\/v2\/media\/33212"}],"wp:attachment":[{"href":"https:\/\/elcronistadigital.com\/index.php?rest_route=%2Fwp%2Fv2%2Fmedia&parent=33211"}],"wp:term":[{"taxonomy":"category","embeddable":true,"href":"https:\/\/elcronistadigital.com\/index.php?rest_route=%2Fwp%2Fv2%2Fcategories&post=33211"},{"taxonomy":"post_tag","embeddable":true,"href":"https:\/\/elcronistadigital.com\/index.php?rest_route=%2Fwp%2Fv2%2Ftags&post=33211"}],"curies":[{"name":"wp","href":"https:\/\/api.w.org\/{rel}","templated":true}]}}