{"id":33214,"date":"2014-06-30T07:47:32","date_gmt":"2014-06-30T13:47:32","guid":{"rendered":"http:\/\/elcronistadigital.com\/?p=33214"},"modified":"2014-06-30T07:47:32","modified_gmt":"2014-06-30T13:47:32","slug":"taiwan-dona-fondos-para-ninos-de-centroamerica","status":"publish","type":"post","link":"https:\/\/elcronistadigital.com\/?p=33214","title":{"rendered":"Taiw\u00e1n dona fondos para ni\u00f1os de Centroam\u00e9rica"},"content":{"rendered":"<p><a href=\"https:\/\/elcronistadigital.com\/?attachment_id=33215\" rel=\"attachment wp-att-33215\"><img loading=\"lazy\" decoding=\"async\" class=\"alignleft size-medium wp-image-33215\" alt=\"Care\" src=\"https:\/\/elcronistadigital.com\/wp-content\/uploads\/2014\/06\/Care-298x300.jpg\" width=\"298\" height=\"300\" srcset=\"https:\/\/elcronistadigital.com\/wp-content\/uploads\/2014\/06\/Care-298x300.jpg 298w, https:\/\/elcronistadigital.com\/wp-content\/uploads\/2014\/06\/Care-150x150.jpg 150w, https:\/\/elcronistadigital.com\/wp-content\/uploads\/2014\/06\/Care-50x50.jpg 50w, https:\/\/elcronistadigital.com\/wp-content\/uploads\/2014\/06\/Care-70x70.jpg 70w, https:\/\/elcronistadigital.com\/wp-content\/uploads\/2014\/06\/Care-300x301.jpg 300w, https:\/\/elcronistadigital.com\/wp-content\/uploads\/2014\/06\/Care-55x55.jpg 55w, https:\/\/elcronistadigital.com\/wp-content\/uploads\/2014\/06\/Care.jpg 336w\" sizes=\"auto, (max-width: 298px) 100vw, 298px\" \/><\/a>Taiw\u00e1n don\u00f3 la suma equivalente a 70 mil euros a la organizaci\u00f3n no gubernamental Care France, con sede en Par\u00eds; con el fin de financiar la implementaci\u00f3n de un proyecto trienal para erradicar el trabajo infantil y promover la educaci\u00f3n para ni\u00f1os de escasos recursos en Nicaragua, Guatemala y El Salvador.<\/p>\n<p>El representante de la Rep\u00fablica de China en Francia, Michel Lu, hizo entrega de la remesa a la presidenta de Care France, Arielle de Rothschild, en una sencilla ceremonia que tuvo lugar en Par\u00eds el 27 de junio.<\/p>\n<p>En el acto, tambi\u00e9n estuvieron presentes varios representantes diplom\u00e1ticos de los tres pa\u00edses centroamericanos arriba mencionados, quienes manifestaron su agradecimiento por la generosa y valiosa donaci\u00f3n para la educaci\u00f3n de la ni\u00f1ez en sus respectivos pa\u00edses.<\/p>\n<p>El citado proyecto fue iniciado en noviembre de 2011, en base a un presupuesto de 1,25 millones de d\u00f3lares estadounidenses. En 2012, el Gobierno de la Rep\u00fablica de China entreg\u00f3 la partida inicial de 100 mil euros.<\/p>\n<p>El reciente desembolso ha sido hecho a petici\u00f3n de CARE France, una filial del grupo de ayuda humanitaria Care International, debido a que las otras naciones y organizaciones que se hab\u00edan comprometido en contribuir al proyecto no han entregado los fondos originalmente prometidos.<\/p>\n<p>Care International es una instituci\u00f3n humanitaria que se dedica a erradicar la pobreza en los pa\u00edses subdesarrollados.<\/p>\n","protected":false},"excerpt":{"rendered":"<p>Taiw\u00e1n don\u00f3 la suma equivalente a 70 mil euros a la organizaci\u00f3n no gubernamental Care France, con sede en Par\u00eds; con el fin de financiar la implementaci\u00f3n de un proyecto trienal para erradicar el trabajo infantil y promover la educaci\u00f3n para ni\u00f1os de escasos recursos en Nicaragua, Guatemala y El Salvador. El representante de la [&hellip;]<\/p>\n","protected":false},"author":1,"featured_media":33215,"comment_status":"open","ping_status":"open","sticky":false,"template":"","format":"standard","meta":{"om_disable_all_campaigns":false,"_monsterinsights_skip_tracking":false,"_monsterinsights_sitenote_active":false,"_monsterinsights_sitenote_note":"","_monsterinsights_sitenote_category":0,"footnotes":""},"categories":[3524],"tags":[],"class_list":["post-33214","post","type-post","status-publish","format-standard","has-post-thumbnail","hentry","category-noticas"],"aioseo_notices":[],"_links":{"self":[{"href":"https:\/\/elcronistadigital.com\/index.php?rest_route=\/wp\/v2\/posts\/33214","targetHints":{"allow":["GET"]}}],"collection":[{"href":"https:\/\/elcronistadigital.com\/index.php?rest_route=\/wp\/v2\/posts"}],"about":[{"href":"https:\/\/elcronistadigital.com\/index.php?rest_route=\/wp\/v2\/types\/post"}],"author":[{"embeddable":true,"href":"https:\/\/elcronistadigital.com\/index.php?rest_route=\/wp\/v2\/users\/1"}],"replies":[{"embeddable":true,"href":"https:\/\/elcronistadigital.com\/index.php?rest_route=%2Fwp%2Fv2%2Fcomments&post=33214"}],"version-history":[{"count":1,"href":"https:\/\/elcronistadigital.com\/index.php?rest_route=\/wp\/v2\/posts\/33214\/revisions"}],"predecessor-version":[{"id":33216,"href":"https:\/\/elcronistadigital.com\/index.php?rest_route=\/wp\/v2\/posts\/33214\/revisions\/33216"}],"wp:featuredmedia":[{"embeddable":true,"href":"https:\/\/elcronistadigital.com\/index.php?rest_route=\/wp\/v2\/media\/33215"}],"wp:attachment":[{"href":"https:\/\/elcronistadigital.com\/index.php?rest_route=%2Fwp%2Fv2%2Fmedia&parent=33214"}],"wp:term":[{"taxonomy":"category","embeddable":true,"href":"https:\/\/elcronistadigital.com\/index.php?rest_route=%2Fwp%2Fv2%2Fcategories&post=33214"},{"taxonomy":"post_tag","embeddable":true,"href":"https:\/\/elcronistadigital.com\/index.php?rest_route=%2Fwp%2Fv2%2Ftags&post=33214"}],"curies":[{"name":"wp","href":"https:\/\/api.w.org\/{rel}","templated":true}]}}