{"id":33217,"date":"2014-06-30T09:02:17","date_gmt":"2014-06-30T15:02:17","guid":{"rendered":"http:\/\/elcronistadigital.com\/?p=33217"},"modified":"2014-06-30T09:02:17","modified_gmt":"2014-06-30T15:02:17","slug":"eurocentrismo-de-la-fifa","status":"publish","type":"post","link":"https:\/\/elcronistadigital.com\/?p=33217","title":{"rendered":"Eurocentrismo de la FIFA"},"content":{"rendered":"<p><a href=\"https:\/\/elcronistadigital.com\/?attachment_id=33218\" rel=\"attachment wp-att-33218\"><img loading=\"lazy\" decoding=\"async\" class=\"alignleft size-medium wp-image-33218\" alt=\"Neymar 3\" src=\"https:\/\/elcronistadigital.com\/wp-content\/uploads\/2014\/06\/Neymar-3-300x168.jpg\" width=\"300\" height=\"168\" srcset=\"https:\/\/elcronistadigital.com\/wp-content\/uploads\/2014\/06\/Neymar-3-300x168.jpg 300w, https:\/\/elcronistadigital.com\/wp-content\/uploads\/2014\/06\/Neymar-3-342x192.jpg 342w, https:\/\/elcronistadigital.com\/wp-content\/uploads\/2014\/06\/Neymar-3.jpg 624w\" sizes=\"auto, (max-width: 300px) 100vw, 300px\" \/><\/a>Tras una primera fase del Mundial de Brasil en la que Latinoam\u00e9rica domin\u00f3 de una manera clara el cuadro, clasificando a ocho selecciones para los octavos de final, la FIFA public\u00f3 el once ideal olvid\u00e1ndose de los jugadores latinoamericanos.<\/p>\n<p>La FIFA public\u00f3 el que para el organismo del f\u00fatbol internacional es el once ideal de la primera fase. En el mismo, solamente encontramos a tres jugadores latinoamericanos a pesar del gran papel de los combinados de la regi\u00f3n.<\/p>\n<p>En este pol\u00e9mico once ideal solamente aparecen los centrales brasile\u00f1os David Luiz y Thiago Silva y el centrocampista James Rodr\u00edguez (5 tantos), que lidera la clasificaci\u00f3n de los m\u00e1ximos goleadores superando en un tanto a Messi y Neymar.<\/p>\n<p>Estos dos, que han sido los encargados de tirar del carro de sus selecciones en esta primera fase dando la clasificaci\u00f3n con sus goles a Brasil y Argentina, no se encuentran en este once ideal de la FIFA.<\/p>\n<p>Estos son los 11 jugadores m\u00e1s destacados seg\u00fan la Federaci\u00f3n Internacional de F\u00fatbol:<\/p>\n<p>Arquero: Vincent Enyeama (Nigeria)<\/p>\n<p>Defensores: David Luiz (Brasil), Daniel Van Buyten (B\u00e9lgica), Thiago Silva (Brasil) y Mamadou Sakho (Francia).<\/p>\n<p>Mediocampistas: James Rodr\u00edguez (Colombia), Ivan Perisic (Croacia), Xherdan Shaqiri (Suiza) y Philipp Lahm (Alemania).<\/p>\n<p>Delanteros: Karim Benzema (Francia) y Arjen Robben (Holanda).<\/p>\n","protected":false},"excerpt":{"rendered":"<p>Tras una primera fase del Mundial de Brasil en la que Latinoam\u00e9rica domin\u00f3 de una manera clara el cuadro, clasificando a ocho selecciones para los octavos de final, la FIFA public\u00f3 el once ideal olvid\u00e1ndose de los jugadores latinoamericanos. La FIFA public\u00f3 el que para el organismo del f\u00fatbol internacional es el once ideal de [&hellip;]<\/p>\n","protected":false},"author":1,"featured_media":33218,"comment_status":"open","ping_status":"open","sticky":false,"template":"","format":"standard","meta":{"om_disable_all_campaigns":false,"_monsterinsights_skip_tracking":false,"_monsterinsights_sitenote_active":false,"_monsterinsights_sitenote_note":"","_monsterinsights_sitenote_category":0,"footnotes":""},"categories":[3524],"tags":[],"class_list":["post-33217","post","type-post","status-publish","format-standard","has-post-thumbnail","hentry","category-noticas"],"aioseo_notices":[],"_links":{"self":[{"href":"https:\/\/elcronistadigital.com\/index.php?rest_route=\/wp\/v2\/posts\/33217","targetHints":{"allow":["GET"]}}],"collection":[{"href":"https:\/\/elcronistadigital.com\/index.php?rest_route=\/wp\/v2\/posts"}],"about":[{"href":"https:\/\/elcronistadigital.com\/index.php?rest_route=\/wp\/v2\/types\/post"}],"author":[{"embeddable":true,"href":"https:\/\/elcronistadigital.com\/index.php?rest_route=\/wp\/v2\/users\/1"}],"replies":[{"embeddable":true,"href":"https:\/\/elcronistadigital.com\/index.php?rest_route=%2Fwp%2Fv2%2Fcomments&post=33217"}],"version-history":[{"count":1,"href":"https:\/\/elcronistadigital.com\/index.php?rest_route=\/wp\/v2\/posts\/33217\/revisions"}],"predecessor-version":[{"id":33219,"href":"https:\/\/elcronistadigital.com\/index.php?rest_route=\/wp\/v2\/posts\/33217\/revisions\/33219"}],"wp:featuredmedia":[{"embeddable":true,"href":"https:\/\/elcronistadigital.com\/index.php?rest_route=\/wp\/v2\/media\/33218"}],"wp:attachment":[{"href":"https:\/\/elcronistadigital.com\/index.php?rest_route=%2Fwp%2Fv2%2Fmedia&parent=33217"}],"wp:term":[{"taxonomy":"category","embeddable":true,"href":"https:\/\/elcronistadigital.com\/index.php?rest_route=%2Fwp%2Fv2%2Fcategories&post=33217"},{"taxonomy":"post_tag","embeddable":true,"href":"https:\/\/elcronistadigital.com\/index.php?rest_route=%2Fwp%2Fv2%2Ftags&post=33217"}],"curies":[{"name":"wp","href":"https:\/\/api.w.org\/{rel}","templated":true}]}}