{"id":33299,"date":"2014-07-02T10:56:56","date_gmt":"2014-07-02T16:56:56","guid":{"rendered":"http:\/\/elcronistadigital.com\/?p=33299"},"modified":"2014-07-02T10:56:56","modified_gmt":"2014-07-02T16:56:56","slug":"francisco-visto-por-leonardo-boff","status":"publish","type":"post","link":"https:\/\/elcronistadigital.com\/?p=33299","title":{"rendered":"Francisco visto por Leonardo Boff"},"content":{"rendered":"<p><a href=\"https:\/\/elcronistadigital.com\/?attachment_id=33300\" rel=\"attachment wp-att-33300\"><img loading=\"lazy\" decoding=\"async\" class=\"alignleft size-medium wp-image-33300\" alt=\"Papa Francisco\" src=\"https:\/\/elcronistadigital.com\/wp-content\/uploads\/2014\/07\/Papa-Francisco-300x174.jpg\" width=\"300\" height=\"174\" srcset=\"https:\/\/elcronistadigital.com\/wp-content\/uploads\/2014\/07\/Papa-Francisco-300x174.jpg 300w, https:\/\/elcronistadigital.com\/wp-content\/uploads\/2014\/07\/Papa-Francisco-342x199.jpg 342w, https:\/\/elcronistadigital.com\/wp-content\/uploads\/2014\/07\/Papa-Francisco.jpg 944w\" sizes=\"auto, (max-width: 300px) 100vw, 300px\" \/><\/a>Rub\u00e9n Aguilar Valenzuela<\/p>\n<p>* Piensa que el papa \u201ces muy valiente. Se ha situado junto a los pobres y contra la injusticia. Tenemos una Iglesia que tiene h\u00e1bitos palaciegos y principescos\u201d y el papa \u201cha mandado se\u00f1ales de que quiere otro estilo de Iglesia, de los pobres y para los pobres y \u00e9sta es la gran herencia de la Teolog\u00eda de la Liberaci\u00f3n\u201d.<\/p>\n<p>El te\u00f3logo brasile\u00f1o Leonardo Boff (1938), uno de los referentes fundamentales de la Teolog\u00eda de la Liberaci\u00f3n, perseguido y condenado por Juan Pablo II y el inquisidor en turno, el cardenal Joseph Ratzinger, plantea en entrevista al periodista Francho Bar\u00f3n su visi\u00f3n sobre el papa Francisco. (El Pa\u00eds, 24.06.2013)<\/p>\n<p>Boff dice: \u201cSiempre me he considerado un te\u00f3logo cat\u00f3lico que nunca ha abandonado la Iglesia. Siempre he dicho que cambi\u00e9 de trinchera, pero no de batalla.<\/p>\n<p>\u201cPor tanto, mi trabajo eclesi\u00e1stico sigue, pero con una diferencia: me he casado\u201d. Dej\u00f3 el sacerdocio despu\u00e9s de la condena vaticana.<\/p>\n<p>Piensa que el papa \u201ces muy valiente. Se ha situado junto a los pobres y contra la injusticia. Tenemos una Iglesia que tiene h\u00e1bitos palaciegos y principescos\u201d y el papa \u201cha mandado se\u00f1ales de que quiere otro estilo de Iglesia, de los pobres y para los pobres y \u00e9sta es la gran herencia de la Teolog\u00eda de la Liberaci\u00f3n\u201d. El estilo del papa, dice, \u201cva a poner en jaque los h\u00e1bitos tradicionales de cardenales y obispos\u201d.<\/p>\n<p>Sobre el celibato piensa que el papa, que tiene la experiencia del tercer mundo, puede dar pasos para abolir el celibato obligatorio.<\/p>\n<p>En su versi\u00f3n, lo primero que debe hacer el papa es \u201creconocer que hay 100,000 sacerdotes casados en la Iglesia y permitir que vuelvan a su trabajo\u201d y que tambi\u00e9n \u201cse instituya el celibato opcional\u201d.<\/p>\n<p>De acuerdo con Boff, eso es algo que han hecho ya todas las iglesias cristianas y \u201cla \u00fanica que se resiste es la cat\u00f3lica. Y con ello se hace mucho da\u00f1o\u201d.<\/p>\n<p>En su visi\u00f3n, la Teolog\u00eda de la Liberaci\u00f3n puede vivir un nuevo auge porque \u00e9sta naci\u00f3 \u201ccomo un intento de escuchar el grito de los oprimidos y la manera de actuar del nuevo papa favorece esta doctrina\u201d.<\/p>\n<p>El te\u00f3logo brasile\u00f1o piensa que no es necesario e incluso tampoco conveniente que el papa haga menci\u00f3n expl\u00edcita a la Teolog\u00eda de la Liberaci\u00f3n \u201cporque podr\u00eda crear pol\u00e9mica\u201d.<\/p>\n<p>Lo relevante es que el papa reconozca, pero sobre todo asuma, su forma de abordar el mundo de los pobres y el papel de la Iglesia en \u00e9l.<\/p>\n<p>Boff, que fue franciscano, piensa que la decisi\u00f3n del papa de optar por el nombre de Francisco, que lo toma de Francisco de As\u00eds, el fundador de los franciscanos en el siglo XIII, no s\u00f3lo es \u201cun nombre sino un proyecto de Iglesia. Una Iglesia pobre, humilde, despojada de poder, que dialoga con el pueblo\u201d.<\/p>\n<p>En versi\u00f3n de quien recientemente escribi\u00f3 Francisco de Roma y Francisco de As\u00eds, \u201chay mucha esperanza de que el papa inaugure la Iglesia del tercer milenio\u201d y considera que con la llegada al papado de este jesuita argentino \u201cse va a crear una dinast\u00eda de papas del tercer mundo\u201d.<\/p>\n<p>Para Boff el futuro del cristianismo en Am\u00e9rica Latina no es el de una religi\u00f3n como la que conocemos ahora sino una que tendr\u00e1 \u201cmuchos elementos cristianos, especialmente los santos, la misa, los ritos como el bautismo, la eucarist\u00eda o el matrimonio, pero tambi\u00e9n elementos de la tradici\u00f3n ind\u00edgena y de las religiones afroamericanas\u201d.<\/p>\n","protected":false},"excerpt":{"rendered":"<p>Rub\u00e9n Aguilar Valenzuela * Piensa que el papa \u201ces muy valiente. Se ha situado junto a los pobres y contra la injusticia. Tenemos una Iglesia que tiene h\u00e1bitos palaciegos y principescos\u201d y el papa \u201cha mandado se\u00f1ales de que quiere otro estilo de Iglesia, de los pobres y para los pobres y \u00e9sta es la [&hellip;]<\/p>\n","protected":false},"author":1,"featured_media":33300,"comment_status":"open","ping_status":"open","sticky":false,"template":"","format":"standard","meta":{"om_disable_all_campaigns":false,"_monsterinsights_skip_tracking":false,"_monsterinsights_sitenote_active":false,"_monsterinsights_sitenote_note":"","_monsterinsights_sitenote_category":0,"footnotes":""},"categories":[12],"tags":[],"class_list":["post-33299","post","type-post","status-publish","format-standard","has-post-thumbnail","hentry","category-blugs"],"aioseo_notices":[],"_links":{"self":[{"href":"https:\/\/elcronistadigital.com\/index.php?rest_route=\/wp\/v2\/posts\/33299","targetHints":{"allow":["GET"]}}],"collection":[{"href":"https:\/\/elcronistadigital.com\/index.php?rest_route=\/wp\/v2\/posts"}],"about":[{"href":"https:\/\/elcronistadigital.com\/index.php?rest_route=\/wp\/v2\/types\/post"}],"author":[{"embeddable":true,"href":"https:\/\/elcronistadigital.com\/index.php?rest_route=\/wp\/v2\/users\/1"}],"replies":[{"embeddable":true,"href":"https:\/\/elcronistadigital.com\/index.php?rest_route=%2Fwp%2Fv2%2Fcomments&post=33299"}],"version-history":[{"count":1,"href":"https:\/\/elcronistadigital.com\/index.php?rest_route=\/wp\/v2\/posts\/33299\/revisions"}],"predecessor-version":[{"id":33301,"href":"https:\/\/elcronistadigital.com\/index.php?rest_route=\/wp\/v2\/posts\/33299\/revisions\/33301"}],"wp:featuredmedia":[{"embeddable":true,"href":"https:\/\/elcronistadigital.com\/index.php?rest_route=\/wp\/v2\/media\/33300"}],"wp:attachment":[{"href":"https:\/\/elcronistadigital.com\/index.php?rest_route=%2Fwp%2Fv2%2Fmedia&parent=33299"}],"wp:term":[{"taxonomy":"category","embeddable":true,"href":"https:\/\/elcronistadigital.com\/index.php?rest_route=%2Fwp%2Fv2%2Fcategories&post=33299"},{"taxonomy":"post_tag","embeddable":true,"href":"https:\/\/elcronistadigital.com\/index.php?rest_route=%2Fwp%2Fv2%2Ftags&post=33299"}],"curies":[{"name":"wp","href":"https:\/\/api.w.org\/{rel}","templated":true}]}}