{"id":33308,"date":"2014-07-02T16:37:03","date_gmt":"2014-07-02T22:37:03","guid":{"rendered":"http:\/\/elcronistadigital.com\/?p=33308"},"modified":"2014-07-02T16:37:03","modified_gmt":"2014-07-02T22:37:03","slug":"nicaragua-no-informa-sobre-sus-ninos-migrantes","status":"publish","type":"post","link":"https:\/\/elcronistadigital.com\/?p=33308","title":{"rendered":"Nicaragua no informa sobre sus ni\u00f1os migrantes"},"content":{"rendered":"<p><a href=\"https:\/\/elcronistadigital.com\/?attachment_id=33309\" rel=\"attachment wp-att-33309\"><img loading=\"lazy\" decoding=\"async\" class=\"alignleft size-medium wp-image-33309\" alt=\"beb\u00e9 migra\" src=\"https:\/\/elcronistadigital.com\/wp-content\/uploads\/2014\/07\/beb\u00e9-migra-300x238.jpg\" width=\"300\" height=\"238\" srcset=\"https:\/\/elcronistadigital.com\/wp-content\/uploads\/2014\/07\/beb\u00e9-migra-300x238.jpg 300w, https:\/\/elcronistadigital.com\/wp-content\/uploads\/2014\/07\/beb\u00e9-migra-342x271.jpg 342w, https:\/\/elcronistadigital.com\/wp-content\/uploads\/2014\/07\/beb\u00e9-migra.jpg 630w\" sizes=\"auto, (max-width: 300px) 100vw, 300px\" \/><\/a>Nelson Rodr\u00edguez<br \/>\nCimac noticias<\/p>\n<p>De 2012 a 2013 aument\u00f3 la migraci\u00f3n irregular de ni\u00f1as, ni\u00f1os y adolescentes que viajan solos de Centroam\u00e9rica hacia Estados Unidos, inform\u00f3 Robert Paiva, director regional para Centroam\u00e9rica, Norteam\u00e9rica y el Caribe de la Organizaci\u00f3n Internacional para las Migraciones (OIM).<\/p>\n<p>La situaci\u00f3n de la ni\u00f1ez fue expuesta por organismos regionales y organizaciones civiles que trabajan con migrantes, ante las autoridades de Canad\u00e1, EU, M\u00e9xico, CA y Rep\u00fablica Dominicana, quienes participaron en esta capital nicarag\u00fcense del 24 al 27 de junio, en la XIX Conferencia Regional de las Migraciones.<\/p>\n<p>Los grupos defensores de los derechos de las y los migrantes expresaron sus inquietudes y propuestas sobre la situaci\u00f3n de esta poblaci\u00f3n.<\/p>\n<p>Aunque la migraci\u00f3n infantil irregular podr\u00eda ser mayor, se inform\u00f3 en la Conferencia que de octubre de 2013 a junio de este a\u00f1o EU recibi\u00f3 en sus fronteras al menos a 52 mil ni\u00f1as, ni\u00f1os y adolescentes migrantes viajando solos, provenientes en primer lugar de Honduras, luego Guatemala, y en tercer lugar de El Salvador. De Nicaragua no se brindaron datos oficiales.<\/p>\n<p>Cabe destacar que la cifra de ni\u00f1ez migrante var\u00eda seg\u00fan la fuente. El estudio \u201cNi\u00f1ez migrante no acompa\u00f1ada en la regi\u00f3n norte y Centroam\u00e9rica\u201d, del Instituto para la Mujer en la Migraci\u00f3n (Imumi), establece que de octubre de 2013 a junio de 2014 m\u00e1s de 51 mil menores de edad fueron detenidos por la Patrulla Fronteriza.<\/p>\n<p>Mientras, en un comunicado del pasado 20 de junio, la Comisi\u00f3n Interamericana de Derechos Humanos (CIDH) report\u00f3 que entre el 1 de enero y el 31 de mayo de 2014 la Patrulla Fronteriza de EU detuvo un \u201cn\u00famero r\u00e9cord\u201d de 47 mil 17 ni\u00f1as y ni\u00f1os migrantes no acompa\u00f1ados a lo largo de la frontera suroeste del pa\u00eds del norte. Seg\u00fan la CIDH, la cifra representa un aumento de casi 50 por ciento respecto del dato de 2013.<\/p>\n<p>FALTA DE INFORMACI\u00d3N<\/p>\n<p>Martha Cranshaw, activista de la Red Nicas Migrantes, observ\u00f3 que por tratarse de condiciones irregulares, podr\u00eda haber casos de ni\u00f1as y ni\u00f1os nicarag\u00fcenses en la ruta migrante hacia EU.<\/p>\n<p>El problema es que la informaci\u00f3n oficial en Nicaragua es restringida, contrario a las p\u00e1ginas web de otros pa\u00edses, critic\u00f3. La canciller\u00eda nicarag\u00fcense no informa datos estad\u00edsticos actuales de los movimientos migratorios, agreg\u00f3.<\/p>\n<p>Hay preocupaci\u00f3n por este incremento de ni\u00f1as y ni\u00f1os migrantes irregulares, porque se exponen al riesgo de ser explotados y a todo tipo de abusos, pero lo m\u00e1s grave es que cada vez son m\u00e1s peque\u00f1os. \u201cEstamos hablando de ni\u00f1as y ni\u00f1os, incluso de cinco a\u00f1os de edad, viajando con traficantes de personas\u201d, dijo el director regional de la OIM.<\/p>\n<p>As\u00ed como la ni\u00f1ez, las mujeres tambi\u00e9n se exponen a violaciones de todo tipo en esta migraci\u00f3n irregular, y aunque no se sabe en realidad si las cifras de mujeres migrantes se ha incrementado este a\u00f1o \u201clo cierto es que representan tambi\u00e9n una poblaci\u00f3n importante de ese flujo migratorio\u201d, abund\u00f3 Paiva en declaraciones a Cimacnoticias.<\/p>\n<p>A las autoridades de El Salvador tambi\u00e9n les preocupa la migraci\u00f3n irregular femenina y este a\u00f1o se detect\u00f3 que ya no viajan solas; la mayor\u00eda va como cabeza de hogar con sus hijas e hijos o en grupos familiares (mam\u00e1s, hermanos, t\u00edas y sobrinas), explic\u00f3 la subdirectora del Servicio Exterior de la canciller\u00eda salvadore\u00f1a, Mar\u00eda Mercedes L\u00f3pez.<\/p>\n<p>La violencia en los pa\u00edses del tri\u00e1ngulo del norte centroamericano (Guatemala, Honduras y El Salvador) tambi\u00e9n es otro factor que este a\u00f1o sigue forzando a las mujeres a emigrar de forma irregular hacia EU o Canad\u00e1, pero las que tienen menos recursos buscan refugio en el sur centroamericano (Nicaragua, Costa Rica y en menor medida Panam\u00e1), precis\u00f3 Fernando Protti, director para CA del Alto Comisionado de las Naciones Unidas para los Refugiados (ACNUR).<\/p>\n<p>Hasta la semana pasada Costa Rica ten\u00eda en revisi\u00f3n unas 120 solicitudes de refugio, en cuyos casos hay mujeres que huyen de las \u201cmaras\u201d (pandillas juveniles) y del crimen organizado, abund\u00f3 Protti.<\/p>\n<p>Las autoridades migratorias de los pa\u00edses participantes adquirieron compromisos para atender de manera integral a la ni\u00f1ez migrante, y establecer enlaces de comunicaci\u00f3n entre los Estados, detall\u00f3 Mercedes L\u00f3pez.<\/p>\n<p>El Salvador le pidi\u00f3 a EU que permita mayor presencia de funcionarios consulares salvadore\u00f1os en los puestos fronterizos y en todo lugar donde se encuentre a una ni\u00f1a, ni\u00f1o, adolescente o mujer migrante irregular del pa\u00eds centroamericano.<\/p>\n<p>La migraci\u00f3n no es s\u00f3lo responsabilidad de los Estados de origen sino tambi\u00e9n de los Estados de destino; es all\u00ed donde se debe enfocar la inversi\u00f3n y la cooperaci\u00f3n para abordar el tema de manera integral, dijo la diplom\u00e1tica salvadore\u00f1a.<\/p>\n","protected":false},"excerpt":{"rendered":"<p>Nelson Rodr\u00edguez Cimac noticias De 2012 a 2013 aument\u00f3 la migraci\u00f3n irregular de ni\u00f1as, ni\u00f1os y adolescentes que viajan solos de Centroam\u00e9rica hacia Estados Unidos, inform\u00f3 Robert Paiva, director regional para Centroam\u00e9rica, Norteam\u00e9rica y el Caribe de la Organizaci\u00f3n Internacional para las Migraciones (OIM). La situaci\u00f3n de la ni\u00f1ez fue expuesta por organismos regionales y [&hellip;]<\/p>\n","protected":false},"author":1,"featured_media":33309,"comment_status":"open","ping_status":"open","sticky":false,"template":"","format":"standard","meta":{"om_disable_all_campaigns":false,"_monsterinsights_skip_tracking":false,"_monsterinsights_sitenote_active":false,"_monsterinsights_sitenote_note":"","_monsterinsights_sitenote_category":0,"footnotes":""},"categories":[3,16],"tags":[],"class_list":["post-33308","post","type-post","status-publish","format-standard","has-post-thumbnail","hentry","category-nacionales","category-migrante"],"aioseo_notices":[],"_links":{"self":[{"href":"https:\/\/elcronistadigital.com\/index.php?rest_route=\/wp\/v2\/posts\/33308","targetHints":{"allow":["GET"]}}],"collection":[{"href":"https:\/\/elcronistadigital.com\/index.php?rest_route=\/wp\/v2\/posts"}],"about":[{"href":"https:\/\/elcronistadigital.com\/index.php?rest_route=\/wp\/v2\/types\/post"}],"author":[{"embeddable":true,"href":"https:\/\/elcronistadigital.com\/index.php?rest_route=\/wp\/v2\/users\/1"}],"replies":[{"embeddable":true,"href":"https:\/\/elcronistadigital.com\/index.php?rest_route=%2Fwp%2Fv2%2Fcomments&post=33308"}],"version-history":[{"count":1,"href":"https:\/\/elcronistadigital.com\/index.php?rest_route=\/wp\/v2\/posts\/33308\/revisions"}],"predecessor-version":[{"id":33310,"href":"https:\/\/elcronistadigital.com\/index.php?rest_route=\/wp\/v2\/posts\/33308\/revisions\/33310"}],"wp:featuredmedia":[{"embeddable":true,"href":"https:\/\/elcronistadigital.com\/index.php?rest_route=\/wp\/v2\/media\/33309"}],"wp:attachment":[{"href":"https:\/\/elcronistadigital.com\/index.php?rest_route=%2Fwp%2Fv2%2Fmedia&parent=33308"}],"wp:term":[{"taxonomy":"category","embeddable":true,"href":"https:\/\/elcronistadigital.com\/index.php?rest_route=%2Fwp%2Fv2%2Fcategories&post=33308"},{"taxonomy":"post_tag","embeddable":true,"href":"https:\/\/elcronistadigital.com\/index.php?rest_route=%2Fwp%2Fv2%2Ftags&post=33308"}],"curies":[{"name":"wp","href":"https:\/\/api.w.org\/{rel}","templated":true}]}}