{"id":33339,"date":"2014-07-03T09:16:46","date_gmt":"2014-07-03T15:16:46","guid":{"rendered":"http:\/\/elcronistadigital.com\/?p=33339"},"modified":"2014-07-03T09:16:46","modified_gmt":"2014-07-03T15:16:46","slug":"ninos-tambien-viajan-en-la-bestia","status":"publish","type":"post","link":"https:\/\/elcronistadigital.com\/?p=33339","title":{"rendered":"Ni\u00f1os tambi\u00e9n viajan en \u201cLa Bestia\u201d"},"content":{"rendered":"<p><a href=\"https:\/\/elcronistadigital.com\/?attachment_id=33340\" rel=\"attachment wp-att-33340\"><img loading=\"lazy\" decoding=\"async\" class=\"alignleft size-medium wp-image-33340\" alt=\"La bestia ni\u00f1os\" src=\"https:\/\/elcronistadigital.com\/wp-content\/uploads\/2014\/07\/La-bestia-ni\u00f1os-300x200.jpg\" width=\"300\" height=\"200\" srcset=\"https:\/\/elcronistadigital.com\/wp-content\/uploads\/2014\/07\/La-bestia-ni\u00f1os-300x200.jpg 300w, https:\/\/elcronistadigital.com\/wp-content\/uploads\/2014\/07\/La-bestia-ni\u00f1os-342x228.jpg 342w, https:\/\/elcronistadigital.com\/wp-content\/uploads\/2014\/07\/La-bestia-ni\u00f1os.jpg 800w\" sizes=\"auto, (max-width: 300px) 100vw, 300px\" \/><\/a>En el sur de M\u00e9xico nada detiene la migraci\u00f3n infantil.<\/p>\n<p>Decenas de ni\u00f1os y j\u00f3venes menores de edad, principalmente de Centroam\u00e9rica, estuvieron durante varios d\u00edas en Arriaga, Chiapas, esperando la salida del tren de carga \u00abLa Bestia\u00bb.<\/p>\n<p>El martes por fin pudo salir el tren llevando a bordo un gran n\u00famero de migrantes, una carga especial con destino a los Estados Unidos.<\/p>\n<p>Despu\u00e9s de 12 horas, lleg\u00f3 Zeydi, originaria de Honduras, quien junto con sus tres hijos viaj\u00f3 sobre \u00abLa Bestia\u00bb hasta Ciudad Ixtepec, Oaxaca.<\/p>\n<p>Zeydi, migrante hondure\u00f1a: \u00abLa verdad es bien dif\u00edcil, bastante, pero ni modo, si los quiero sacar adelante tengo que hacerlo.\u00bb<\/p>\n<p>Siempre pendiente de sus hijos, tuvo que soportar el frio de la noche y las altas temperaturas durante el d\u00eda.<\/p>\n<p>\u00abMuy dif\u00edcil, imag\u00ednense que se dorm\u00edan ah\u00ed todo inc\u00f3modo, bien dif\u00edcil\u00bb, agreg\u00f3 Zeydi.<\/p>\n<p>Muchos de los ni\u00f1os que llegan sobre \u00abLa Bestia\u00bb viajan acompa\u00f1ados de sus padres, pero otros hacen el viaje solos.<\/p>\n<p>Sigue sin detenerse el tr\u00e1nsito de ni\u00f1os migrantes por el Istmo de Tehuantepec, hoy mismo lleg\u00f3 el tren a Ciudad Ixtepec, Oaxaca, con decenas de ni\u00f1os a bordo.<\/p>\n<p>Migrante: \u00abSoy de Honduras, y me dirijo los Estados Unidos, soy menor de edad y salgo del pa\u00eds por la pobreza que hay en nuestro pa\u00eds y por prosperar\u00bb.<\/p>\n<p>Viajar sobre \u00abla bestia\u00bb siempre es de gran riesgo y un joven guatemalteco de 17 a\u00f1os, cay\u00f3 del tren en marcha en Juchit\u00e1n, durante el recorrido a Ciudad Ixtepec.<\/p>\n<p>El menor fue alcanzado por las ruedas y perdi\u00f3 una pierna.<\/p>\n<p>Yadira Castillo Ortiz, fiscal de Atenci\u00f3n al Migrante, coment\u00f3 que \u00aba pesar de que se les dan indicaciones de que desciendan del tren hasta que \u00e9ste est\u00e9 parado, muchos no hacen caso a esas recomendaciones; desafortunadamente este muchacho se cay\u00f3 y s\u00ed tuvo una lesi\u00f3n en la pierna.\u00bb<\/p>\n<p>La Procuradur\u00eda de Justicia de Oaxaca, M\u00e9dicos Sin Fronteras y el Grupo Beta de Protecci\u00f3n a Migrantes del Instituto Nacional de Migraci\u00f3n, brindan auxilio a los centroamericanos.<\/p>\n<p>En lo que va del a\u00f1o, m\u00e1s de mil 300 ni\u00f1os que viajan solos han sido alojados en el albergue \u00abHermanos en el Camino\u00bb de Ixtepec, Oaxaca.<\/p>\n<p>Fuente: Televisa.<\/p>\n","protected":false},"excerpt":{"rendered":"<p>En el sur de M\u00e9xico nada detiene la migraci\u00f3n infantil. Decenas de ni\u00f1os y j\u00f3venes menores de edad, principalmente de Centroam\u00e9rica, estuvieron durante varios d\u00edas en Arriaga, Chiapas, esperando la salida del tren de carga \u00abLa Bestia\u00bb. El martes por fin pudo salir el tren llevando a bordo un gran n\u00famero de migrantes, una carga [&hellip;]<\/p>\n","protected":false},"author":1,"featured_media":33340,"comment_status":"open","ping_status":"open","sticky":false,"template":"","format":"standard","meta":{"om_disable_all_campaigns":false,"_monsterinsights_skip_tracking":false,"_monsterinsights_sitenote_active":false,"_monsterinsights_sitenote_note":"","_monsterinsights_sitenote_category":0,"footnotes":""},"categories":[16],"tags":[],"class_list":["post-33339","post","type-post","status-publish","format-standard","has-post-thumbnail","hentry","category-migrante"],"aioseo_notices":[],"_links":{"self":[{"href":"https:\/\/elcronistadigital.com\/index.php?rest_route=\/wp\/v2\/posts\/33339","targetHints":{"allow":["GET"]}}],"collection":[{"href":"https:\/\/elcronistadigital.com\/index.php?rest_route=\/wp\/v2\/posts"}],"about":[{"href":"https:\/\/elcronistadigital.com\/index.php?rest_route=\/wp\/v2\/types\/post"}],"author":[{"embeddable":true,"href":"https:\/\/elcronistadigital.com\/index.php?rest_route=\/wp\/v2\/users\/1"}],"replies":[{"embeddable":true,"href":"https:\/\/elcronistadigital.com\/index.php?rest_route=%2Fwp%2Fv2%2Fcomments&post=33339"}],"version-history":[{"count":1,"href":"https:\/\/elcronistadigital.com\/index.php?rest_route=\/wp\/v2\/posts\/33339\/revisions"}],"predecessor-version":[{"id":33341,"href":"https:\/\/elcronistadigital.com\/index.php?rest_route=\/wp\/v2\/posts\/33339\/revisions\/33341"}],"wp:featuredmedia":[{"embeddable":true,"href":"https:\/\/elcronistadigital.com\/index.php?rest_route=\/wp\/v2\/media\/33340"}],"wp:attachment":[{"href":"https:\/\/elcronistadigital.com\/index.php?rest_route=%2Fwp%2Fv2%2Fmedia&parent=33339"}],"wp:term":[{"taxonomy":"category","embeddable":true,"href":"https:\/\/elcronistadigital.com\/index.php?rest_route=%2Fwp%2Fv2%2Fcategories&post=33339"},{"taxonomy":"post_tag","embeddable":true,"href":"https:\/\/elcronistadigital.com\/index.php?rest_route=%2Fwp%2Fv2%2Ftags&post=33339"}],"curies":[{"name":"wp","href":"https:\/\/api.w.org\/{rel}","templated":true}]}}