{"id":33380,"date":"2014-07-04T08:05:34","date_gmt":"2014-07-04T14:05:34","guid":{"rendered":"http:\/\/elcronistadigital.com\/?p=33380"},"modified":"2014-07-04T08:05:34","modified_gmt":"2014-07-04T14:05:34","slug":"salven-a-los-ninos","status":"publish","type":"post","link":"https:\/\/elcronistadigital.com\/?p=33380","title":{"rendered":"\u201cSalven a los ni\u00f1os\u201d"},"content":{"rendered":"<p><a href=\"https:\/\/elcronistadigital.com\/?attachment_id=33381\" rel=\"attachment wp-att-33381\"><img loading=\"lazy\" decoding=\"async\" class=\"alignleft size-medium wp-image-33381\" alt=\"ni\u00f1os migrantes 6\" src=\"https:\/\/elcronistadigital.com\/wp-content\/uploads\/2014\/07\/ni\u00f1os-migrantes-6-300x199.jpg\" width=\"300\" height=\"199\" srcset=\"https:\/\/elcronistadigital.com\/wp-content\/uploads\/2014\/07\/ni\u00f1os-migrantes-6-300x199.jpg 300w, https:\/\/elcronistadigital.com\/wp-content\/uploads\/2014\/07\/ni\u00f1os-migrantes-6-342x227.jpg 342w, https:\/\/elcronistadigital.com\/wp-content\/uploads\/2014\/07\/ni\u00f1os-migrantes-6.jpg 580w\" sizes=\"auto, (max-width: 300px) 100vw, 300px\" \/><\/a>Con la consigna \u00absalven a los ni\u00f1os\u00bb, activistas comunitarios en Los \u00c1ngeles (EE.UU.) pidieron el jueves al Gobierno mexicano de Enrique Pe\u00f1a Nieto que respete los derechos humanos de los menores centroamericanos que atraviesan su pa\u00eds.<\/p>\n<p>\u00abNo podemos ser hip\u00f3critas, M\u00e9xico no puede exigir trato digno a sus migrantes en Estados Unidos, mientras no garantice el mismo trato a los miles de indocumentados centroamericanos que pasan por su territorio\u00bb, asegur\u00f3 a Efe Julio Cardoza, vocero de Casa Nicaragua.<\/p>\n<p>\u00abNo podemos ser los centroamericanos migrantes de tercera clase\u00bb, agreg\u00f3.<\/p>\n<p>La desbandada de menores inmigrantes centroamericanos detenidos en la frontera sur de Estados Unidos ha encendido las alarmas de la lucha a favor de la inmigraci\u00f3n en Los \u00c1ngeles, California.<\/p>\n<p>\u00abSon muchos los aspectos por los que tenemos que presionar ahora y uno que se est\u00e1 quedando en el olvido es el trato que reciben estos ni\u00f1os en M\u00e9xico, el Gobierno del presidente Pe\u00f1a Nieto debe garantizar el bienestar de esos peque\u00f1os\u00bb, dijo a Efe Teresa Tejada, directora de la Asociaci\u00f3n de Salvadore\u00f1os en Los \u00c1ngeles (Asosal).<\/p>\n<p>Seg\u00fan M\u00e9dicos Sin Fronteras, el 58 por ciento de los inmigrantes atendidos en 2013 en territorio mexicano sufri\u00f3 uno o varios episodios de violencia a lo largo de su recorrido.<\/p>\n<p>La organizaci\u00f3n precis\u00f3 que un 42 por ciento de los menores era salvadore\u00f1o y un 32 por ciento era oriundo de Honduras.<\/p>\n<p>Para Cecilia Rodr\u00edguez, representante de la Alianza Hondure\u00f1a, las cifras no mienten y demuestran el peligro al que est\u00e1n expuestos los menores.<\/p>\n<p>\u00abAhora estamos escuchando que quieren militarizar la frontera de ambos lados, aqu\u00ed vamos a luchar por detenerlo, pero M\u00e9xico no puede hacernos el trabajo m\u00e1s duro\u00bb, puntualiz\u00f3 Rodr\u00edguez.<\/p>\n<p>Las organizaciones centroamericanas aseguraron que no bajar\u00e1n la guardia en momentos en que adem\u00e1s tienen que lidiar con el grupo antiinmigrante Minuteman, que est\u00e1 protestando por la llegada de inmigrantes a centros de procesamiento en el sur de California.<\/p>\n<p>El Departamento de Salud y Servicios Humanos de Estados Unidos inform\u00f3 ayer que se prev\u00e9 el ingreso de 60.000 ni\u00f1os centroamericanos no acompa\u00f1ados a territorio estadounidense durante el a\u00f1o fiscal que termina en septiembre pr\u00f3ximo.<\/p>\n<p>La crisis ha desatado una oleada de protestas a favor y en contra en el sur de California.<\/p>\n<p>La Alianza para la Justicia de Inmigrantes J\u00f3venes de California pidi\u00f3 al presidente estadounidense, Barack Obama, que otorgue la condici\u00f3n de refugiados a los menores detenidos en la frontera y que use sus poderes ejecutivos para ampliar la acci\u00f3n diferida (DACA) que ha favorecido a miles de estudiantes indocumentados.<\/p>\n","protected":false},"excerpt":{"rendered":"<p>Con la consigna \u00absalven a los ni\u00f1os\u00bb, activistas comunitarios en Los \u00c1ngeles (EE.UU.) pidieron el jueves al Gobierno mexicano de Enrique Pe\u00f1a Nieto que respete los derechos humanos de los menores centroamericanos que atraviesan su pa\u00eds. \u00abNo podemos ser hip\u00f3critas, M\u00e9xico no puede exigir trato digno a sus migrantes en Estados Unidos, mientras no garantice [&hellip;]<\/p>\n","protected":false},"author":1,"featured_media":33381,"comment_status":"open","ping_status":"open","sticky":false,"template":"","format":"standard","meta":{"om_disable_all_campaigns":false,"_monsterinsights_skip_tracking":false,"_monsterinsights_sitenote_active":false,"_monsterinsights_sitenote_note":"","_monsterinsights_sitenote_category":0,"footnotes":""},"categories":[16],"tags":[],"class_list":["post-33380","post","type-post","status-publish","format-standard","has-post-thumbnail","hentry","category-migrante"],"aioseo_notices":[],"_links":{"self":[{"href":"https:\/\/elcronistadigital.com\/index.php?rest_route=\/wp\/v2\/posts\/33380","targetHints":{"allow":["GET"]}}],"collection":[{"href":"https:\/\/elcronistadigital.com\/index.php?rest_route=\/wp\/v2\/posts"}],"about":[{"href":"https:\/\/elcronistadigital.com\/index.php?rest_route=\/wp\/v2\/types\/post"}],"author":[{"embeddable":true,"href":"https:\/\/elcronistadigital.com\/index.php?rest_route=\/wp\/v2\/users\/1"}],"replies":[{"embeddable":true,"href":"https:\/\/elcronistadigital.com\/index.php?rest_route=%2Fwp%2Fv2%2Fcomments&post=33380"}],"version-history":[{"count":1,"href":"https:\/\/elcronistadigital.com\/index.php?rest_route=\/wp\/v2\/posts\/33380\/revisions"}],"predecessor-version":[{"id":33382,"href":"https:\/\/elcronistadigital.com\/index.php?rest_route=\/wp\/v2\/posts\/33380\/revisions\/33382"}],"wp:featuredmedia":[{"embeddable":true,"href":"https:\/\/elcronistadigital.com\/index.php?rest_route=\/wp\/v2\/media\/33381"}],"wp:attachment":[{"href":"https:\/\/elcronistadigital.com\/index.php?rest_route=%2Fwp%2Fv2%2Fmedia&parent=33380"}],"wp:term":[{"taxonomy":"category","embeddable":true,"href":"https:\/\/elcronistadigital.com\/index.php?rest_route=%2Fwp%2Fv2%2Fcategories&post=33380"},{"taxonomy":"post_tag","embeddable":true,"href":"https:\/\/elcronistadigital.com\/index.php?rest_route=%2Fwp%2Fv2%2Ftags&post=33380"}],"curies":[{"name":"wp","href":"https:\/\/api.w.org\/{rel}","templated":true}]}}