{"id":33383,"date":"2014-07-04T08:33:14","date_gmt":"2014-07-04T14:33:14","guid":{"rendered":"http:\/\/elcronistadigital.com\/?p=33383"},"modified":"2014-07-04T08:33:14","modified_gmt":"2014-07-04T14:33:14","slug":"yo-hui-de-centroamerica-igual-que-esos-ninos","status":"publish","type":"post","link":"https:\/\/elcronistadigital.com\/?p=33383","title":{"rendered":"\u201cYo hu\u00ed de Centroam\u00e9rica, igual que esos ni\u00f1os\u201d"},"content":{"rendered":"<p><a href=\"https:\/\/elcronistadigital.com\/?attachment_id=33385\" rel=\"attachment wp-att-33385\"><img loading=\"lazy\" decoding=\"async\" class=\"alignleft size-full wp-image-33385\" alt=\"bestia tren\" src=\"https:\/\/elcronistadigital.com\/wp-content\/uploads\/2014\/07\/bestia-tren1.jpg\" width=\"400\" height=\"276\" srcset=\"https:\/\/elcronistadigital.com\/wp-content\/uploads\/2014\/07\/bestia-tren1.jpg 400w, https:\/\/elcronistadigital.com\/wp-content\/uploads\/2014\/07\/bestia-tren1-300x207.jpg 300w, https:\/\/elcronistadigital.com\/wp-content\/uploads\/2014\/07\/bestia-tren1-342x235.jpg 342w\" sizes=\"auto, (max-width: 400px) 100vw, 400px\" \/><\/a>Pablo Alvarado<\/p>\n<p>Unos d\u00edas despu\u00e9s de que amenazaran de muerte a mi hermano menor, \u00e9l y yo nos subimos a La Bestia, el tren que se dirige al norte, para escapar de El Salvador. El pa\u00eds que financiaba a las fuerzas armadas que quer\u00edan matar a nuestros amigos y familiares ser\u00eda nuestro destino para encontrar la seguridad. Al igual que los millones de personas que se ven obligadas a emigrar, me vi en la necesidad de dejar mi hogar para enfrentar la incertidumbre y el rechazo en Estados Unidos.<\/p>\n<p>Part\u00ed el \u00faltimo d\u00eda de clases, antes de graduarme de la universidad, y me dediqu\u00e9 a garantizar la seguridad de mi hermano, quien en ese entonces era un adolescente no mayor que los menores sin acompa\u00f1ante que actualmente llegan en masa a la frontera entre M\u00e9xico y Estados Unidos. Aunque no puedo fingir que conozco su situaci\u00f3n, puedo ver los rostros de nuestros compa\u00f1eros de viaje en las fotos de esos ni\u00f1os api\u00f1ados en los centros de detenci\u00f3n.<\/p>\n<p>Los conservadores de derecha han aprovechado al m\u00e1ximo este giro del debate inmigratorio para insistir en la seguridad fronteriza y recriminar a las tropas por ser incapaces de detener a unos ni\u00f1itos. El presidente de Estados Unidos, Barack Obama \u2014quien al parecer emprendi\u00f3 la misi\u00f3n de apaciguarlos en sus primeros seis a\u00f1os de mandato\u2014, ahora har\u00eda bien en ignorarlos completamente en vez de seguir impulsando su sistema de deportaciones.<\/p>\n<p>En un debate que se ha concentrado en la criminalizaci\u00f3n de los inmigrantes y del acto de emigrar, los rostros de los ni\u00f1os \u2014acurrucados y asustados, esperanzados y vulnerables\u2014 desaf\u00edan al desprecio. Demuestran, en cambio, eso que el presidente ha declarado pero ante lo que no ha actuado: la inmigraci\u00f3n es una crisis humanitaria. No se resuelve con soldados, prisiones ni esposas, sino con asistencia.<\/p>\n<p>Los nacionalistas recalcitrantes, incapaces de satanizar a la gente que cruza la frontera cuando se enfrentan a estos ni\u00f1os, recurrir\u00e1n a su otro objetivo favorito: satanizar a la administraci\u00f3n.<\/p>\n<p>Uno de los impulsores de las iniciativas antiinmigrantes de la Asamblea de Representantes de Estados Unidos, Bob Goodlate, insiste en repetir el rumor de que el programa de Acci\u00f3n Diferida para las Llegadas durante la Ni\u00f1ez y la mala comprensi\u00f3n de la posibilidad de una reforma inmigratoria han provocado la llegada de estos j\u00f3venes. Quiere que creamos que este Congreso provoc\u00f3 que la legalizaci\u00f3n pareciera tan prometedora que los ni\u00f1os que en otras circunstancias se hubieran quedado en sus pa\u00edses ahora cruzan un continente para aprovechar sus rumorados beneficios.<\/p>\n<p>Pero, al igual que cualquier teor\u00eda sobre el magnetismo, pasa por alto el factor esencial del desplazamiento. La repelencia es m\u00e1s fuerte que cualquier atracci\u00f3n. La Casa Blanca trat\u00f3 al principio de acallar las peroratas de la derecha. Sin embargo, el debate ha seguido el patr\u00f3n m\u00e1s com\u00fan en la pol\u00edtica inmigratoria: la derecha hace denuncias exageradas, la administraci\u00f3n los calma y el aparato pol\u00edtico en Washington calla casi por completo.<\/p>\n<p>Para tener una conversaci\u00f3n real sobre los ni\u00f1os que est\u00e1n en la frontera es necesario entender la crisis humanitaria, pero eso tambi\u00e9n requiere abordar la din\u00e1mica entre Estados Unidos y sus vecinos.<\/p>\n<p>Debemos examinar la raz\u00f3n por la que la gente se ve obligada a ir al norte. \u00bfQu\u00e9 ocurre exactamente en sus pa\u00edses de origen? \u00bfQu\u00e9 tiene qu\u00e9 ver Estados Unidos en la creaci\u00f3n de esos problemas?<\/p>\n<p>Mi hermano y yo no dejamos a nuestros padres solo para que nos agredieran en un viaje de un mes hacia el norte ni para atestiguar lo peor, incluso la muerte, solo porque quer\u00edamos. No dejamos el empleo que ten\u00edamos ni la vida que hab\u00edamos empezado a construir solo porque ser\u00edamos m\u00e1s felices buscando empleo en las calles y pagando lo que pudi\u00e9ramos para dormir en la sala de una casa. Nos fuimos porque era nuestra oportunidad para sobrevivir, porque las fuerzas contrainsurgentes (que ahora se sabe que recib\u00edan financiamiento de la administraci\u00f3n de Reagan) libraban una guerra sucia en El Salvador que cobr\u00f3 la vida de 70,000 personas y desplaz\u00f3 a un mill\u00f3n m\u00e1s.<\/p>\n<p>Espero que la dif\u00edcil situaci\u00f3n de los ni\u00f1os que est\u00e1n bajo los reflectores del debate inmigratorio pueda derribar el mito de que podemos seguir con esta conversaci\u00f3n sin tomar en cuenta a nuestros vecinos.<\/p>\n<p>Los ni\u00f1os han demostrado que las propuestas y los temas que se debaten no han sido los adecuados. Cuando regreso a El Salvador (ya como ciudadano estadounidense) para entrevistar a quienes deportaron para un estudio que se publicar\u00e1 pr\u00f3ximamente, la frase que la gente recita com\u00fanmente es: \u00ab\u00bfQu\u00e9 opci\u00f3n tengo que no sea ir al norte?\u00bb.<\/p>\n<p>Los muros que se han levantado, las tropas que se han desplegado e incluso las leyes que se han promulgado no responden a la pregunta ni atienden a la gente que desea sobrevivir y albergar la esperanza de algo mejor, pero que no ve la posibilidad de que eso ocurra.<\/p>\n<p>Fuente: CNN M\u00e9xico.<\/p>\n","protected":false},"excerpt":{"rendered":"<p>Pablo Alvarado Unos d\u00edas despu\u00e9s de que amenazaran de muerte a mi hermano menor, \u00e9l y yo nos subimos a La Bestia, el tren que se dirige al norte, para escapar de El Salvador. El pa\u00eds que financiaba a las fuerzas armadas que quer\u00edan matar a nuestros amigos y familiares ser\u00eda nuestro destino para encontrar [&hellip;]<\/p>\n","protected":false},"author":1,"featured_media":33385,"comment_status":"open","ping_status":"open","sticky":false,"template":"","format":"standard","meta":{"om_disable_all_campaigns":false,"_monsterinsights_skip_tracking":false,"_monsterinsights_sitenote_active":false,"_monsterinsights_sitenote_note":"","_monsterinsights_sitenote_category":0,"footnotes":""},"categories":[12],"tags":[],"class_list":["post-33383","post","type-post","status-publish","format-standard","has-post-thumbnail","hentry","category-blugs"],"aioseo_notices":[],"_links":{"self":[{"href":"https:\/\/elcronistadigital.com\/index.php?rest_route=\/wp\/v2\/posts\/33383","targetHints":{"allow":["GET"]}}],"collection":[{"href":"https:\/\/elcronistadigital.com\/index.php?rest_route=\/wp\/v2\/posts"}],"about":[{"href":"https:\/\/elcronistadigital.com\/index.php?rest_route=\/wp\/v2\/types\/post"}],"author":[{"embeddable":true,"href":"https:\/\/elcronistadigital.com\/index.php?rest_route=\/wp\/v2\/users\/1"}],"replies":[{"embeddable":true,"href":"https:\/\/elcronistadigital.com\/index.php?rest_route=%2Fwp%2Fv2%2Fcomments&post=33383"}],"version-history":[{"count":1,"href":"https:\/\/elcronistadigital.com\/index.php?rest_route=\/wp\/v2\/posts\/33383\/revisions"}],"predecessor-version":[{"id":33386,"href":"https:\/\/elcronistadigital.com\/index.php?rest_route=\/wp\/v2\/posts\/33383\/revisions\/33386"}],"wp:featuredmedia":[{"embeddable":true,"href":"https:\/\/elcronistadigital.com\/index.php?rest_route=\/wp\/v2\/media\/33385"}],"wp:attachment":[{"href":"https:\/\/elcronistadigital.com\/index.php?rest_route=%2Fwp%2Fv2%2Fmedia&parent=33383"}],"wp:term":[{"taxonomy":"category","embeddable":true,"href":"https:\/\/elcronistadigital.com\/index.php?rest_route=%2Fwp%2Fv2%2Fcategories&post=33383"},{"taxonomy":"post_tag","embeddable":true,"href":"https:\/\/elcronistadigital.com\/index.php?rest_route=%2Fwp%2Fv2%2Ftags&post=33383"}],"curies":[{"name":"wp","href":"https:\/\/api.w.org\/{rel}","templated":true}]}}