{"id":33429,"date":"2014-07-07T13:16:29","date_gmt":"2014-07-07T19:16:29","guid":{"rendered":"http:\/\/elcronistadigital.com\/?p=33429"},"modified":"2014-07-07T13:16:29","modified_gmt":"2014-07-07T19:16:29","slug":"52-de-gringos-pide-expulsion-de-ninos-migrantes","status":"publish","type":"post","link":"https:\/\/elcronistadigital.com\/?p=33429","title":{"rendered":"52% de gringos pide expulsi\u00f3n de ni\u00f1os migrantes"},"content":{"rendered":"<p><a href=\"https:\/\/elcronistadigital.com\/?attachment_id=33430\" rel=\"attachment wp-att-33430\"><img loading=\"lazy\" decoding=\"async\" class=\"alignleft size-medium wp-image-33430\" alt=\"ni\u00f1os migra\" src=\"https:\/\/elcronistadigital.com\/wp-content\/uploads\/2014\/07\/ni\u00f1os-migra-300x206.jpg\" width=\"300\" height=\"206\" srcset=\"https:\/\/elcronistadigital.com\/wp-content\/uploads\/2014\/07\/ni\u00f1os-migra-300x206.jpg 300w, https:\/\/elcronistadigital.com\/wp-content\/uploads\/2014\/07\/ni\u00f1os-migra-342x235.jpg 342w, https:\/\/elcronistadigital.com\/wp-content\/uploads\/2014\/07\/ni\u00f1os-migra.jpg 499w\" sizes=\"auto, (max-width: 300px) 100vw, 300px\" \/><\/a>En Estados Unidos, un pa\u00eds de migrantes incluyendo al grupo que ellos llamas sus \u201cpadres fundadores\u201d, el 52% de las personas no quiere saber nada de los ni\u00f1os de Centroam\u00e9rica y M\u00e9xico que est\u00e1n llegando por oleadas en busca de sus padres.<\/p>\n<p>La mayor\u00eda de estadunidenses desea una deportaci\u00f3n inmediata de los miles de menores migrantes que han llegado solos al pa\u00eds, y la avalancha fue provocada por el gobierno del presidente Barack Obama, seg\u00fan una encuesta.<\/p>\n<p>El sondeo realizado por la firma especializada Rasmussen Reports el domingo entre mil personas, revel\u00f3 que el 52 por ciento de los consultados desea que los menores migrantes sean regresados \u00ablo m\u00e1s r\u00e1pido posible\u00bb a sus hogares en Centroam\u00e9rica.<\/p>\n<p>Un 38 por ciento dijo que se deben procesar para determinar si pueden quedarse, mientras el 53 por ciento sugiere que los pa\u00edses de donde proceden los menores, principalmente Guatemala, Honduras y El Salvador, paguen a Estados Unidos por \u00abel costo de manejar esta situaci\u00f3n\u00bb.<\/p>\n<p>La encuesta mostr\u00f3 que el 46 por ciento de los posibles votantes estadunidenses cree que el gobierno de Obama, a trav\u00e9s de sus declaraciones y pol\u00edticas, ha animado a esta nueva ola de inmigraci\u00f3n indocumentada, seg\u00fan Notimex.<\/p>\n<p>Un 31 por ciento de los encuestados no est\u00e1 de acuerdo y un 23 por ciento afirm\u00f3 no estar seguro.<\/p>\n<p>De acuerdo con la Patrulla Fronteriza, desde el inicio del actual a\u00f1o fiscal, m\u00e1s de 52 mil menores procedentes de Centroam\u00e9rica han sido detenidos tras cruzar la frontera sur solos o acompa\u00f1ados.<\/p>\n","protected":false},"excerpt":{"rendered":"<p>En Estados Unidos, un pa\u00eds de migrantes incluyendo al grupo que ellos llamas sus \u201cpadres fundadores\u201d, el 52% de las personas no quiere saber nada de los ni\u00f1os de Centroam\u00e9rica y M\u00e9xico que est\u00e1n llegando por oleadas en busca de sus padres. La mayor\u00eda de estadunidenses desea una deportaci\u00f3n inmediata de los miles de menores [&hellip;]<\/p>\n","protected":false},"author":1,"featured_media":33430,"comment_status":"open","ping_status":"open","sticky":false,"template":"","format":"standard","meta":{"om_disable_all_campaigns":false,"_monsterinsights_skip_tracking":false,"_monsterinsights_sitenote_active":false,"_monsterinsights_sitenote_note":"","_monsterinsights_sitenote_category":0,"footnotes":""},"categories":[16,3524],"tags":[],"class_list":["post-33429","post","type-post","status-publish","format-standard","has-post-thumbnail","hentry","category-migrante","category-noticas"],"aioseo_notices":[],"_links":{"self":[{"href":"https:\/\/elcronistadigital.com\/index.php?rest_route=\/wp\/v2\/posts\/33429","targetHints":{"allow":["GET"]}}],"collection":[{"href":"https:\/\/elcronistadigital.com\/index.php?rest_route=\/wp\/v2\/posts"}],"about":[{"href":"https:\/\/elcronistadigital.com\/index.php?rest_route=\/wp\/v2\/types\/post"}],"author":[{"embeddable":true,"href":"https:\/\/elcronistadigital.com\/index.php?rest_route=\/wp\/v2\/users\/1"}],"replies":[{"embeddable":true,"href":"https:\/\/elcronistadigital.com\/index.php?rest_route=%2Fwp%2Fv2%2Fcomments&post=33429"}],"version-history":[{"count":1,"href":"https:\/\/elcronistadigital.com\/index.php?rest_route=\/wp\/v2\/posts\/33429\/revisions"}],"predecessor-version":[{"id":33431,"href":"https:\/\/elcronistadigital.com\/index.php?rest_route=\/wp\/v2\/posts\/33429\/revisions\/33431"}],"wp:featuredmedia":[{"embeddable":true,"href":"https:\/\/elcronistadigital.com\/index.php?rest_route=\/wp\/v2\/media\/33430"}],"wp:attachment":[{"href":"https:\/\/elcronistadigital.com\/index.php?rest_route=%2Fwp%2Fv2%2Fmedia&parent=33429"}],"wp:term":[{"taxonomy":"category","embeddable":true,"href":"https:\/\/elcronistadigital.com\/index.php?rest_route=%2Fwp%2Fv2%2Fcategories&post=33429"},{"taxonomy":"post_tag","embeddable":true,"href":"https:\/\/elcronistadigital.com\/index.php?rest_route=%2Fwp%2Fv2%2Ftags&post=33429"}],"curies":[{"name":"wp","href":"https:\/\/api.w.org\/{rel}","templated":true}]}}