{"id":33469,"date":"2014-07-08T17:46:22","date_gmt":"2014-07-08T23:46:22","guid":{"rendered":"http:\/\/elcronistadigital.com\/?p=33469"},"modified":"2014-07-08T17:46:38","modified_gmt":"2014-07-08T23:46:38","slug":"que-migrantes-sean-vistos-como-refugiados","status":"publish","type":"post","link":"https:\/\/elcronistadigital.com\/?p=33469","title":{"rendered":"Que migrantes sean vistos como refugiados"},"content":{"rendered":"<p><a href=\"https:\/\/elcronistadigital.com\/?attachment_id=33470\" rel=\"attachment wp-att-33470\"><img loading=\"lazy\" decoding=\"async\" class=\"alignleft size-medium wp-image-33470\" alt=\"madres migranbes con hijos\" src=\"https:\/\/elcronistadigital.com\/wp-content\/uploads\/2014\/07\/madres-migranbes-con-hijos-300x139.jpg\" width=\"300\" height=\"139\" srcset=\"https:\/\/elcronistadigital.com\/wp-content\/uploads\/2014\/07\/madres-migranbes-con-hijos-300x139.jpg 300w, https:\/\/elcronistadigital.com\/wp-content\/uploads\/2014\/07\/madres-migranbes-con-hijos-342x159.jpg 342w, https:\/\/elcronistadigital.com\/wp-content\/uploads\/2014\/07\/madres-migranbes-con-hijos.jpg 643w\" sizes=\"auto, (max-width: 300px) 100vw, 300px\" \/><\/a>Funcionarios del Alto Comisionado de la ONU para los Refugiados (ACNUR), esperan que este jueves en Nicaragua, se decida si los centroamericanos que huyen de sus pa\u00edses hacia Estados Unidos, incluyendo a miles de ni\u00f1os y adolescentes, sean tratados como \u201crefugiados desplazados por conflicto armado\u201d.<\/p>\n<p>Este martes se conoci\u00f3 en Washington que funcionarios de las Naciones Unidas est\u00e1n presionando para que los migrantes sean vistos como que huyen de un conflicto armado, un paso que aumenta la presi\u00f3n sobre los Estados Unidos para aceptar a decenas de miles de personas que actualmente no pueden pedir asilo.<\/p>\n<p>Funcionarios del ACNUR dicen que esperan ver un acuerdo regional el jueves, cuando la migraci\u00f3n y el departamento de interior representantes de los Estados Unidos, M\u00e9xico y Centroam\u00e9rica se re\u00fanan en Nicaragua.<\/p>\n<p>El grupo discutir\u00e1 la actualizaci\u00f3n de una declaraci\u00f3n de hace 30 a\u00f1os, y que hace referencia a las obligaciones de las naciones para ayudar a los refugiados.<\/p>\n<p>Si bien esta resoluci\u00f3n carecer\u00eda de cualquier peso legal en los Estados Unidos, la agencia dijo que cree que \u201clos Estados Unidos y M\u00e9xico deben reconocer que se trata de una situaci\u00f3n de refugiados, lo que implica que no deben ser enviados autom\u00e1ticamente a sus pa\u00edses de origen, sino que deben recibir protecci\u00f3n internacional\u201d.<\/p>\n<p>La mayor\u00eda de las personas generalmente consideradas como refugiados por la comunidad internacional est\u00e1n huyendo de los conflictos m\u00e1s tradicionales pol\u00edticos o \u00e9tnicos, como los de Siria o Sud\u00e1n.<\/p>\n<p>Los centroamericanos ser\u00edan uno de los primeros colectivos de emigrantes modernos considerados refugiados porque huyen de la violencia y la extorsi\u00f3n a manos de bandas criminales.<\/p>\n","protected":false},"excerpt":{"rendered":"<p>Funcionarios del Alto Comisionado de la ONU para los Refugiados (ACNUR), esperan que este jueves en Nicaragua, se decida si los centroamericanos que huyen de sus pa\u00edses hacia Estados Unidos, incluyendo a miles de ni\u00f1os y adolescentes, sean tratados como \u201crefugiados desplazados por conflicto armado\u201d. Este martes se conoci\u00f3 en Washington que funcionarios de las [&hellip;]<\/p>\n","protected":false},"author":1,"featured_media":33470,"comment_status":"open","ping_status":"open","sticky":false,"template":"","format":"standard","meta":{"om_disable_all_campaigns":false,"_monsterinsights_skip_tracking":false,"_monsterinsights_sitenote_active":false,"_monsterinsights_sitenote_note":"","_monsterinsights_sitenote_category":0,"footnotes":""},"categories":[16,3524],"tags":[],"class_list":["post-33469","post","type-post","status-publish","format-standard","has-post-thumbnail","hentry","category-migrante","category-noticas"],"aioseo_notices":[],"_links":{"self":[{"href":"https:\/\/elcronistadigital.com\/index.php?rest_route=\/wp\/v2\/posts\/33469","targetHints":{"allow":["GET"]}}],"collection":[{"href":"https:\/\/elcronistadigital.com\/index.php?rest_route=\/wp\/v2\/posts"}],"about":[{"href":"https:\/\/elcronistadigital.com\/index.php?rest_route=\/wp\/v2\/types\/post"}],"author":[{"embeddable":true,"href":"https:\/\/elcronistadigital.com\/index.php?rest_route=\/wp\/v2\/users\/1"}],"replies":[{"embeddable":true,"href":"https:\/\/elcronistadigital.com\/index.php?rest_route=%2Fwp%2Fv2%2Fcomments&post=33469"}],"version-history":[{"count":2,"href":"https:\/\/elcronistadigital.com\/index.php?rest_route=\/wp\/v2\/posts\/33469\/revisions"}],"predecessor-version":[{"id":33472,"href":"https:\/\/elcronistadigital.com\/index.php?rest_route=\/wp\/v2\/posts\/33469\/revisions\/33472"}],"wp:featuredmedia":[{"embeddable":true,"href":"https:\/\/elcronistadigital.com\/index.php?rest_route=\/wp\/v2\/media\/33470"}],"wp:attachment":[{"href":"https:\/\/elcronistadigital.com\/index.php?rest_route=%2Fwp%2Fv2%2Fmedia&parent=33469"}],"wp:term":[{"taxonomy":"category","embeddable":true,"href":"https:\/\/elcronistadigital.com\/index.php?rest_route=%2Fwp%2Fv2%2Fcategories&post=33469"},{"taxonomy":"post_tag","embeddable":true,"href":"https:\/\/elcronistadigital.com\/index.php?rest_route=%2Fwp%2Fv2%2Ftags&post=33469"}],"curies":[{"name":"wp","href":"https:\/\/api.w.org\/{rel}","templated":true}]}}