{"id":33481,"date":"2014-07-08T19:00:24","date_gmt":"2014-07-09T01:00:24","guid":{"rendered":"http:\/\/elcronistadigital.com\/?p=33481"},"modified":"2014-07-08T19:00:24","modified_gmt":"2014-07-09T01:00:24","slug":"hospital-espanol-pasa-factura-a-nica-muerta-por-negligencia-medica","status":"publish","type":"post","link":"https:\/\/elcronistadigital.com\/?p=33481","title":{"rendered":"Hospital espa\u00f1ol pasa factura a nica muerta por negligencia m\u00e9dica"},"content":{"rendered":"<p><a href=\"https:\/\/elcronistadigital.com\/?attachment_id=33483\" rel=\"attachment wp-att-33483\"><img loading=\"lazy\" decoding=\"async\" class=\"alignleft size-full wp-image-33483\" alt=\"Jeaneth Beltr\u00e1n\" src=\"https:\/\/elcronistadigital.com\/wp-content\/uploads\/2014\/07\/Jeaneth-Beltr\u00e1n1.jpg\" width=\"450\" height=\"252\" srcset=\"https:\/\/elcronistadigital.com\/wp-content\/uploads\/2014\/07\/Jeaneth-Beltr\u00e1n1.jpg 450w, https:\/\/elcronistadigital.com\/wp-content\/uploads\/2014\/07\/Jeaneth-Beltr\u00e1n1-300x168.jpg 300w, https:\/\/elcronistadigital.com\/wp-content\/uploads\/2014\/07\/Jeaneth-Beltr\u00e1n1-342x191.jpg 342w\" sizes=\"auto, (max-width: 450px) 100vw, 450px\" \/><\/a>El colmo del desprecio que tienen algunas entidades espa\u00f1olas para la vida de los migrantes, se puede resumir en lo siguiente: el Hospital Virgen de la Salud, donde la nicarag\u00fcense Jeaneth de los \u00c1ngeles Beltr\u00e1n Herrera falleci\u00f3 el 23 de mayo pasado por negligencia m\u00e9dica, le est\u00e1 cobrando por la presunta atenci\u00f3n que le prestaron poco antes de que expirara.<\/p>\n<p>La historia de Beltr\u00e1n, que escandaliz\u00f3 a la sociedad espa\u00f1ola tras hacerse viral en la Red, ha dado un vuelco inesperado. Los familiares de la nicarag\u00fcense de 30 a\u00f1os recibieron un aviso de facturaci\u00f3n por la atenci\u00f3n m\u00e9dica, informa el portal eldiario.es, citado por Rusia Today.<\/p>\n<p>El documento, dirigido a la mujer fallecida, advierte que se debe presentar la tarjeta sanitaria para evitar el pago de la factura: \u00abcon relaci\u00f3n a la asistencia que le fue prestada el d\u00eda 23.05.2014 le rogamos que tan pronto le sea posible nos aporte por correo, fax, o personalmente en la secci\u00f3n de facturaci\u00f3n a terceros los documentos que se relacionan ya que, hasta la fecha no constan en su expediente\u00bb.<\/p>\n<p>Jeanneth estaba tramitando su situaci\u00f3n en Espa\u00f1a, pero esta a\u00fan era irregular. Sin embargo, la mujer s\u00ed que ten\u00eda derecho a la asistencia m\u00e9dica gratuita de urgencia, por lo que el hecho de enviar la factura supone un acto ilegal, aseguran en una carta los miembros del movimiento de desobediencia civil Yo S\u00ed Sanidad Universal, organizado por usuarios y trabajadores del Sistema Nacional de Salud (SNS).<\/p>\n<p>Los activistas critican el real decreto de 2012, que de hecho niega el derecho a la atenci\u00f3n sanitaria normalizada y p\u00fablica a las personas sin papeles en Espa\u00f1a. Jeanneth sab\u00eda que ten\u00eda problemas de salud, pero evitaba ir a la consulta, ya que le \u00abcobrar\u00edan mucho\u00bb. La enfermedad hep\u00e1tica que sufr\u00eda y que la termin\u00f3 llevando a urgencias ten\u00eda tratamiento.<\/p>\n<p>\u00abJeanneth Beltr\u00e1n es una nueva v\u00edctima del Real Decreto de exclusi\u00f3n sanitaria. Hoy ha sido ella, y ma\u00f1ana, tal vez, cualquiera de nosotras\u00bb, sentencia el comunicado de Yo S\u00ed.<\/p>\n","protected":false},"excerpt":{"rendered":"<p>El colmo del desprecio que tienen algunas entidades espa\u00f1olas para la vida de los migrantes, se puede resumir en lo siguiente: el Hospital Virgen de la Salud, donde la nicarag\u00fcense Jeaneth de los \u00c1ngeles Beltr\u00e1n Herrera falleci\u00f3 el 23 de mayo pasado por negligencia m\u00e9dica, le est\u00e1 cobrando por la presunta atenci\u00f3n que le prestaron [&hellip;]<\/p>\n","protected":false},"author":1,"featured_media":33483,"comment_status":"open","ping_status":"open","sticky":false,"template":"","format":"standard","meta":{"om_disable_all_campaigns":false,"_monsterinsights_skip_tracking":false,"_monsterinsights_sitenote_active":false,"_monsterinsights_sitenote_note":"","_monsterinsights_sitenote_category":0,"footnotes":""},"categories":[16,3524,13],"tags":[],"class_list":["post-33481","post","type-post","status-publish","format-standard","has-post-thumbnail","hentry","category-migrante","category-noticas","category-portada"],"aioseo_notices":[],"_links":{"self":[{"href":"https:\/\/elcronistadigital.com\/index.php?rest_route=\/wp\/v2\/posts\/33481","targetHints":{"allow":["GET"]}}],"collection":[{"href":"https:\/\/elcronistadigital.com\/index.php?rest_route=\/wp\/v2\/posts"}],"about":[{"href":"https:\/\/elcronistadigital.com\/index.php?rest_route=\/wp\/v2\/types\/post"}],"author":[{"embeddable":true,"href":"https:\/\/elcronistadigital.com\/index.php?rest_route=\/wp\/v2\/users\/1"}],"replies":[{"embeddable":true,"href":"https:\/\/elcronistadigital.com\/index.php?rest_route=%2Fwp%2Fv2%2Fcomments&post=33481"}],"version-history":[{"count":1,"href":"https:\/\/elcronistadigital.com\/index.php?rest_route=\/wp\/v2\/posts\/33481\/revisions"}],"predecessor-version":[{"id":33484,"href":"https:\/\/elcronistadigital.com\/index.php?rest_route=\/wp\/v2\/posts\/33481\/revisions\/33484"}],"wp:featuredmedia":[{"embeddable":true,"href":"https:\/\/elcronistadigital.com\/index.php?rest_route=\/wp\/v2\/media\/33483"}],"wp:attachment":[{"href":"https:\/\/elcronistadigital.com\/index.php?rest_route=%2Fwp%2Fv2%2Fmedia&parent=33481"}],"wp:term":[{"taxonomy":"category","embeddable":true,"href":"https:\/\/elcronistadigital.com\/index.php?rest_route=%2Fwp%2Fv2%2Fcategories&post=33481"},{"taxonomy":"post_tag","embeddable":true,"href":"https:\/\/elcronistadigital.com\/index.php?rest_route=%2Fwp%2Fv2%2Ftags&post=33481"}],"curies":[{"name":"wp","href":"https:\/\/api.w.org\/{rel}","templated":true}]}}