{"id":33506,"date":"2014-07-09T17:10:19","date_gmt":"2014-07-09T23:10:19","guid":{"rendered":"http:\/\/elcronistadigital.com\/?p=33506"},"modified":"2014-07-09T17:10:19","modified_gmt":"2014-07-09T23:10:19","slug":"el-futuro-de-las-ciudades","status":"publish","type":"post","link":"https:\/\/elcronistadigital.com\/?p=33506","title":{"rendered":"El futuro de las ciudades"},"content":{"rendered":"<p><a href=\"https:\/\/elcronistadigital.com\/?attachment_id=33507\" rel=\"attachment wp-att-33507\"><img loading=\"lazy\" decoding=\"async\" class=\"alignleft size-full wp-image-33507\" alt=\"city\" src=\"https:\/\/elcronistadigital.com\/wp-content\/uploads\/2014\/07\/city.jpg\" width=\"300\" height=\"168\" \/><\/a>Rub\u00e9n Aguilar Valenzuela<\/p>\n<p>El desarrollo de nuevas formas de pensar es una consecuencia natural de la alta densidad poblacional, siempre y cuando se tengan las condiciones adecuadas para ello que incluyan espacios p\u00fablicos en los que las personas puedan interactuar y la cultura pueda prosperar, y se tenga un etos democr\u00e1tico que reciba de buen agrado y aliente la participaci\u00f3n del p\u00fablico, plantea Joseph E. Stiglitz, premio Nobel de Econom\u00eda.<\/p>\n<p>La mayor parte de los poco m\u00e1s de 7,000 millones de habitantes que tiene el planeta viven en ciudades y para el 2050 lo har\u00e1 el 75 % de los mismos, plantea Joseph E. Stiglitz, premio Nobel de Econom\u00eda, en el recuento que hace del Foro Urbano Mundial que se realiz\u00f3 en Medell\u00edn, Colombia, mismo que apareci\u00f3 en junio dentro en la secci\u00f3n Negocios de El Pa\u00eds, donde publica con regularidad.<\/p>\n<p>\u00c9l plantea que \u201ca lo largo de todo el mundo, las ciudades son a la vez la ubicaci\u00f3n y el centro de los principales debates de la sociedad, y eso ocurre por una buena raz\u00f3n. Cuando las personas viven en espacios reducidos, ellas no pueden evitar confrontarse con problemas sociales de gran importancia, como, por ejemplo, la creciente desigualdad, la degradaci\u00f3n del medio ambiente y la inversi\u00f3n p\u00fablica inadecuada\u201d.<\/p>\n<p>Las ciudades, asegura Stiglitz, deben ser planificadas porque \u201csin planificaci\u00f3n e inversi\u00f3n p\u00fablica en infraestructura, sin transporte p\u00fablico, sin parques y sin el suministro de agua potable y saneamiento b\u00e1sico, las ciudades no ser\u00e1n habitables. Y son los pobres quienes inevitablemente sufren m\u00e1s por la ausencia de dichos bienes p\u00fablicos\u201d.<\/p>\n<p>El Foro concluy\u00f3 que se deben crear zonas urbanas en las que las personas que las habitan puedan prosperar e innovar y Stiglitz a\u00f1ade que \u201cno es casualidad que la Ilustraci\u00f3n -que a su vez condujo hacia los m\u00e1s r\u00e1pidos y m\u00e1s grandes avances de la historia de la humanidad en cuanto a mejorar las condiciones de vida de las personas- se hubiesen desarrollado en las ciudades\u201d.<\/p>\n<p>En la versi\u00f3n del Nobel de Econom\u00eda \u201cel desarrollo de nuevas formas de pensar es una consecuencia natural de la alta densidad poblacional, siempre y cuando se tengan las condiciones adecuadas para ello, condiciones que incluyen espacios p\u00fablicos en los que las personas puedan interactuar y la cultura pueda prosperar, y se tenga un etos democr\u00e1tico que reciba de buen agrado y aliente la participaci\u00f3n del p\u00fablico\u201d.<\/p>\n<p>El Foro tambi\u00e9n plante\u00f3 la necesidad de lograr un desarrollo que sea sostenible en t\u00e9rminos medioambientales, sociales y econ\u00f3micos. Seg\u00fan Stiglitz \u201ctodos estos aspectos de la sostenibilidad est\u00e1n entrelazados entre s\u00ed y son complementarios, y las ciudades proporcionan el contexto en el que todos ellos se presentan con mayor claridad\u201d.<\/p>\n<p>El mayor obst\u00e1culo para la sostenibilidad es la desigualdad y \u201cnuestras econom\u00edas, nuestras democracias y nuestras sociedades pagan un alto precio por la creciente brecha entre ricos y pobres. Asimismo, en much\u00edsimos pa\u00edses es posible que el aspecto que siembre m\u00e1s ciza\u00f1a en relaci\u00f3n con la cada vez m\u00e1s amplia brecha de ingresos y riqueza sea la profundizaci\u00f3n de la desigualdad de oportunidades\u201d.<\/p>\n<p>El Nobel de Econom\u00eda subraya la idea de que \u201cteniendo en cuenta la par\u00e1lisis pol\u00edtica que aflige a muchos Gobiernos nacionales alrededor del mundo, las ciudades con visi\u00f3n de futuro se est\u00e1n convirtiendo en faros de esperanza\u201d y asegura que si bien existen l\u00edmites para lo que puede hacerse a nivel local las ciudades pueden y deben \u201cproporcionar servicios p\u00fablicos de alta calidad para todos, independientemente de los ingresos que las personas pueden tener\u201d.<\/p>\n<p>Stiglitz termina su recuento del Foro Urbano Mundial se\u00f1alando que \u00e9ste \u201cha demostrado que esto no es solamente una quimera. Es posible vivir en otro mundo, solamente necesitamos de voluntad pol\u00edtica para lograrlo\u201d.<\/p>\n","protected":false},"excerpt":{"rendered":"<p>Rub\u00e9n Aguilar Valenzuela El desarrollo de nuevas formas de pensar es una consecuencia natural de la alta densidad poblacional, siempre y cuando se tengan las condiciones adecuadas para ello que incluyan espacios p\u00fablicos en los que las personas puedan interactuar y la cultura pueda prosperar, y se tenga un etos democr\u00e1tico que reciba de buen [&hellip;]<\/p>\n","protected":false},"author":1,"featured_media":33507,"comment_status":"open","ping_status":"open","sticky":false,"template":"","format":"standard","meta":{"om_disable_all_campaigns":false,"_monsterinsights_skip_tracking":false,"_monsterinsights_sitenote_active":false,"_monsterinsights_sitenote_note":"","_monsterinsights_sitenote_category":0,"footnotes":""},"categories":[12],"tags":[],"class_list":["post-33506","post","type-post","status-publish","format-standard","has-post-thumbnail","hentry","category-blugs"],"aioseo_notices":[],"_links":{"self":[{"href":"https:\/\/elcronistadigital.com\/index.php?rest_route=\/wp\/v2\/posts\/33506","targetHints":{"allow":["GET"]}}],"collection":[{"href":"https:\/\/elcronistadigital.com\/index.php?rest_route=\/wp\/v2\/posts"}],"about":[{"href":"https:\/\/elcronistadigital.com\/index.php?rest_route=\/wp\/v2\/types\/post"}],"author":[{"embeddable":true,"href":"https:\/\/elcronistadigital.com\/index.php?rest_route=\/wp\/v2\/users\/1"}],"replies":[{"embeddable":true,"href":"https:\/\/elcronistadigital.com\/index.php?rest_route=%2Fwp%2Fv2%2Fcomments&post=33506"}],"version-history":[{"count":1,"href":"https:\/\/elcronistadigital.com\/index.php?rest_route=\/wp\/v2\/posts\/33506\/revisions"}],"predecessor-version":[{"id":33508,"href":"https:\/\/elcronistadigital.com\/index.php?rest_route=\/wp\/v2\/posts\/33506\/revisions\/33508"}],"wp:featuredmedia":[{"embeddable":true,"href":"https:\/\/elcronistadigital.com\/index.php?rest_route=\/wp\/v2\/media\/33507"}],"wp:attachment":[{"href":"https:\/\/elcronistadigital.com\/index.php?rest_route=%2Fwp%2Fv2%2Fmedia&parent=33506"}],"wp:term":[{"taxonomy":"category","embeddable":true,"href":"https:\/\/elcronistadigital.com\/index.php?rest_route=%2Fwp%2Fv2%2Fcategories&post=33506"},{"taxonomy":"post_tag","embeddable":true,"href":"https:\/\/elcronistadigital.com\/index.php?rest_route=%2Fwp%2Fv2%2Ftags&post=33506"}],"curies":[{"name":"wp","href":"https:\/\/api.w.org\/{rel}","templated":true}]}}