{"id":33520,"date":"2014-07-10T06:05:43","date_gmt":"2014-07-10T12:05:43","guid":{"rendered":"http:\/\/elcronistadigital.com\/?p=33520"},"modified":"2014-07-10T06:05:43","modified_gmt":"2014-07-10T12:05:43","slug":"como-proteger-a-refugiados-desplazados-y-apatridas","status":"publish","type":"post","link":"https:\/\/elcronistadigital.com\/?p=33520","title":{"rendered":"\u00bfC\u00f3mo proteger a refugiados, desplazados y ap\u00e1tridas?"},"content":{"rendered":"<p><a href=\"https:\/\/elcronistadigital.com\/?attachment_id=33521\" rel=\"attachment wp-att-33521\"><img loading=\"lazy\" decoding=\"async\" class=\"alignleft size-medium wp-image-33521\" alt=\"migran\" src=\"https:\/\/elcronistadigital.com\/wp-content\/uploads\/2014\/07\/migran-300x162.jpg\" width=\"300\" height=\"162\" srcset=\"https:\/\/elcronistadigital.com\/wp-content\/uploads\/2014\/07\/migran-300x162.jpg 300w, https:\/\/elcronistadigital.com\/wp-content\/uploads\/2014\/07\/migran-342x185.jpg 342w, https:\/\/elcronistadigital.com\/wp-content\/uploads\/2014\/07\/migran.jpg 350w\" sizes=\"auto, (max-width: 300px) 100vw, 300px\" \/><\/a>Entre este jueves y el viernes se desarrollar\u00e1 en Managua un encuentro regional sobre protecci\u00f3n de personas refugiadas, desplazadas y ap\u00e1tridas en Mesoam\u00e9rica.<\/p>\n<p>El objetivo del evento es discutir los desaf\u00edos en materia de protecci\u00f3n y soluciones duraderas para personas que por diversas razones abandonan sus pa\u00edses, dijo en un comunicado Roberto Herrera, comisionado de los Derechos Humanos en Honduras.<\/p>\n<p>Herrera, quien se encuentra en nuestro pa\u00eds desde el mi\u00e9rcoles, agreg\u00f3 que aprovechar\u00e1 la ocasi\u00f3n para reunirse con los dem\u00e1s procuradores y defensores de los derechos humanos de Centroam\u00e9rica con el fin de \u00abadoptar posiciones un\u00edvocas en la defensa de nuestros migrantes y de nuestros refugiados en otros pa\u00edses\u00bb.<\/p>\n<p>De la reuni\u00f3n de Nicaragua saldr\u00e1n las recomendaciones para el evento ministerial que se celebrar\u00e1 en Brasilia en diciembre pr\u00f3ximo, en el marco de la conmemoraci\u00f3n del 30 aniversario de la Declaraci\u00f3n de Cartagena sobre Refugiados de 1984.<\/p>\n<p>Seg\u00fan Herrera, en Managua tambi\u00e9n se prev\u00e9 que los pa\u00edses de Am\u00e9rica Latina y el Caribe emitan una declaraci\u00f3n y anuncien un plan de acci\u00f3n regional que permita fortalecer el marco de protecci\u00f3n para las personas refugiadas, solicitantes de asilo y ap\u00e1tridas durante la pr\u00f3xima d\u00e9cada.<\/p>\n<p>\u00abEstaremos reunidos, en Nicaragua, los pa\u00edses de Mesoam\u00e9rica para examinar la protecci\u00f3n internacional de los migrantes y que en el pr\u00f3ximo per\u00edodo de 2014 al 2024 tengamos normas m\u00e1s claras en toda la regi\u00f3n mesoamericana sobre esta materia\u00bb, indic\u00f3 el ombudsman hondure\u00f1o.<\/p>\n<p>La reuni\u00f3n de Nicaragua es auspiciada por la oficina del Alto Comisionado de las Naciones Unidas para Refugiados (Acnur) y el Gobierno de Nicaragua, indic\u00f3 Herrera.<\/p>\n","protected":false},"excerpt":{"rendered":"<p>Entre este jueves y el viernes se desarrollar\u00e1 en Managua un encuentro regional sobre protecci\u00f3n de personas refugiadas, desplazadas y ap\u00e1tridas en Mesoam\u00e9rica. El objetivo del evento es discutir los desaf\u00edos en materia de protecci\u00f3n y soluciones duraderas para personas que por diversas razones abandonan sus pa\u00edses, dijo en un comunicado Roberto Herrera, comisionado de [&hellip;]<\/p>\n","protected":false},"author":1,"featured_media":33521,"comment_status":"open","ping_status":"open","sticky":false,"template":"","format":"standard","meta":{"om_disable_all_campaigns":false,"_monsterinsights_skip_tracking":false,"_monsterinsights_sitenote_active":false,"_monsterinsights_sitenote_note":"","_monsterinsights_sitenote_category":0,"footnotes":""},"categories":[3,16],"tags":[],"class_list":["post-33520","post","type-post","status-publish","format-standard","has-post-thumbnail","hentry","category-nacionales","category-migrante"],"aioseo_notices":[],"_links":{"self":[{"href":"https:\/\/elcronistadigital.com\/index.php?rest_route=\/wp\/v2\/posts\/33520","targetHints":{"allow":["GET"]}}],"collection":[{"href":"https:\/\/elcronistadigital.com\/index.php?rest_route=\/wp\/v2\/posts"}],"about":[{"href":"https:\/\/elcronistadigital.com\/index.php?rest_route=\/wp\/v2\/types\/post"}],"author":[{"embeddable":true,"href":"https:\/\/elcronistadigital.com\/index.php?rest_route=\/wp\/v2\/users\/1"}],"replies":[{"embeddable":true,"href":"https:\/\/elcronistadigital.com\/index.php?rest_route=%2Fwp%2Fv2%2Fcomments&post=33520"}],"version-history":[{"count":1,"href":"https:\/\/elcronistadigital.com\/index.php?rest_route=\/wp\/v2\/posts\/33520\/revisions"}],"predecessor-version":[{"id":33522,"href":"https:\/\/elcronistadigital.com\/index.php?rest_route=\/wp\/v2\/posts\/33520\/revisions\/33522"}],"wp:featuredmedia":[{"embeddable":true,"href":"https:\/\/elcronistadigital.com\/index.php?rest_route=\/wp\/v2\/media\/33521"}],"wp:attachment":[{"href":"https:\/\/elcronistadigital.com\/index.php?rest_route=%2Fwp%2Fv2%2Fmedia&parent=33520"}],"wp:term":[{"taxonomy":"category","embeddable":true,"href":"https:\/\/elcronistadigital.com\/index.php?rest_route=%2Fwp%2Fv2%2Fcategories&post=33520"},{"taxonomy":"post_tag","embeddable":true,"href":"https:\/\/elcronistadigital.com\/index.php?rest_route=%2Fwp%2Fv2%2Ftags&post=33520"}],"curies":[{"name":"wp","href":"https:\/\/api.w.org\/{rel}","templated":true}]}}