{"id":33717,"date":"2014-07-17T06:47:42","date_gmt":"2014-07-17T12:47:42","guid":{"rendered":"http:\/\/elcronistadigital.com\/?p=33717"},"modified":"2014-07-17T06:48:15","modified_gmt":"2014-07-17T12:48:15","slug":"detienen-en-costa-rica-a-coyotes-nicas","status":"publish","type":"post","link":"https:\/\/elcronistadigital.com\/?p=33717","title":{"rendered":"Detienen en Costa Rica a \u201ccoyotes\u201d nicas"},"content":{"rendered":"<div id=\"attachment_33718\" style=\"width: 310px\" class=\"wp-caption alignleft\"><a href=\"https:\/\/elcronistadigital.com\/?attachment_id=33718\" rel=\"attachment wp-att-33718\"><img loading=\"lazy\" decoding=\"async\" aria-describedby=\"caption-attachment-33718\" class=\"size-medium wp-image-33718\" alt=\"El traficante de personas nicarag\u00fcense de apellido Lacayo, capturado en Costa Rica.\" src=\"https:\/\/elcronistadigital.com\/wp-content\/uploads\/2014\/07\/coyote-nica-300x300.jpg\" width=\"300\" height=\"300\" srcset=\"https:\/\/elcronistadigital.com\/wp-content\/uploads\/2014\/07\/coyote-nica-300x300.jpg 300w, https:\/\/elcronistadigital.com\/wp-content\/uploads\/2014\/07\/coyote-nica-150x150.jpg 150w, https:\/\/elcronistadigital.com\/wp-content\/uploads\/2014\/07\/coyote-nica-50x50.jpg 50w, https:\/\/elcronistadigital.com\/wp-content\/uploads\/2014\/07\/coyote-nica-342x342.jpg 342w, https:\/\/elcronistadigital.com\/wp-content\/uploads\/2014\/07\/coyote-nica-70x70.jpg 70w, https:\/\/elcronistadigital.com\/wp-content\/uploads\/2014\/07\/coyote-nica-55x55.jpg 55w, https:\/\/elcronistadigital.com\/wp-content\/uploads\/2014\/07\/coyote-nica.jpg 469w\" sizes=\"auto, (max-width: 300px) 100vw, 300px\" \/><\/a><p id=\"caption-attachment-33718\" class=\"wp-caption-text\">El traficante de personas nicarag\u00fcense de apellido Lacayo, capturado en Costa Rica.<\/p><\/div>\n<p>Dos traficantes de personas o \u201ccoyotes\u201d de origen nicarag\u00fcense, fueron detenidos en Los Chiles, Alajuela, Costa Rica, como sospechosos de introducir migrantes ilegales al pa\u00eds vecino.<\/p>\n<p>Un hombre de apellido Lacayo, y una mujer, apellidada Romero, son los detenidos. El var\u00f3n se encargaba de contactar en Nicaragua a los indocumentados para pasarlos al lado tico, por un punto no autorizado, mientras que Romero los sacaba en su auto de la zona fronteriza con destino desconocido, seg\u00fan autoridades costarricenses.<\/p>\n<p>A Romero la sorprendieron el lunes cuando transportaba a cinco personas, algunas de las cuales dijeron a Fuerza P\u00fablica que Lacayo presuntamente les cobr\u00f3 70.000 colones (unos 130 d\u00f3lares) por trasladarlos hasta Barranca de Puntarenas, donde buscar\u00edan trabajo en actividades agr\u00edcolas.<\/p>\n<p>Allan Obando, de la Fuerza P\u00fablica tica, dijo que el martes una patrulla policial sorprendi\u00f3 a Lacayo con otros migrantes, seg\u00fan inform\u00f3 La Naci\u00f3n.<\/p>\n<p>Ambos detenidos est\u00e1n a la orden del fiscal H\u00e9ctor Bod\u00e1n, qui\u00e9n tendr\u00e1 que resolver si hay evidencias para abrirles causa por coyotaje.<\/p>\n<p>El mismo fiscal orden\u00f3 el decomiso del auto que Romero usaba en su actividad.<\/p>\n<p>Obando dijo que, a ra\u00edz del accidente del pasado domingo, en el que murieron una madre nicarag\u00fcense y su beb\u00e9 de seis meses, cuando el auto que los recogi\u00f3 en la frontera choc\u00f3 violentamente contra un jeep, decidieron incrementar los patrullajes en los caminos que llevan a la l\u00ednea divisoria con Nicaragua.<\/p>\n<p>\u00abEl objetivo es frenar la entrada a Costa Rica de personas que no portan documentos migratorios como el pasaporte o permiso de trabajo y controlar a los llamados coyotes o traficantes de indocumentados\u00bb, explic\u00f3.<\/p>\n<p>El mi\u00e9rcoles fue muy notorio un constante ir y venir de patrullas tipo jeep y hasta cuadraciclos por caminos y trillos por los que se mueven los coyotes y sus clientes.<\/p>\n","protected":false},"excerpt":{"rendered":"<p>Dos traficantes de personas o \u201ccoyotes\u201d de origen nicarag\u00fcense, fueron detenidos en Los Chiles, Alajuela, Costa Rica, como sospechosos de introducir migrantes ilegales al pa\u00eds vecino. Un hombre de apellido Lacayo, y una mujer, apellidada Romero, son los detenidos. El var\u00f3n se encargaba de contactar en Nicaragua a los indocumentados para pasarlos al lado tico, [&hellip;]<\/p>\n","protected":false},"author":1,"featured_media":33718,"comment_status":"open","ping_status":"open","sticky":false,"template":"","format":"standard","meta":{"om_disable_all_campaigns":false,"_monsterinsights_skip_tracking":false,"_monsterinsights_sitenote_active":false,"_monsterinsights_sitenote_note":"","_monsterinsights_sitenote_category":0,"footnotes":""},"categories":[16,3524],"tags":[],"class_list":["post-33717","post","type-post","status-publish","format-standard","has-post-thumbnail","hentry","category-migrante","category-noticas"],"aioseo_notices":[],"_links":{"self":[{"href":"https:\/\/elcronistadigital.com\/index.php?rest_route=\/wp\/v2\/posts\/33717","targetHints":{"allow":["GET"]}}],"collection":[{"href":"https:\/\/elcronistadigital.com\/index.php?rest_route=\/wp\/v2\/posts"}],"about":[{"href":"https:\/\/elcronistadigital.com\/index.php?rest_route=\/wp\/v2\/types\/post"}],"author":[{"embeddable":true,"href":"https:\/\/elcronistadigital.com\/index.php?rest_route=\/wp\/v2\/users\/1"}],"replies":[{"embeddable":true,"href":"https:\/\/elcronistadigital.com\/index.php?rest_route=%2Fwp%2Fv2%2Fcomments&post=33717"}],"version-history":[{"count":1,"href":"https:\/\/elcronistadigital.com\/index.php?rest_route=\/wp\/v2\/posts\/33717\/revisions"}],"predecessor-version":[{"id":33719,"href":"https:\/\/elcronistadigital.com\/index.php?rest_route=\/wp\/v2\/posts\/33717\/revisions\/33719"}],"wp:featuredmedia":[{"embeddable":true,"href":"https:\/\/elcronistadigital.com\/index.php?rest_route=\/wp\/v2\/media\/33718"}],"wp:attachment":[{"href":"https:\/\/elcronistadigital.com\/index.php?rest_route=%2Fwp%2Fv2%2Fmedia&parent=33717"}],"wp:term":[{"taxonomy":"category","embeddable":true,"href":"https:\/\/elcronistadigital.com\/index.php?rest_route=%2Fwp%2Fv2%2Fcategories&post=33717"},{"taxonomy":"post_tag","embeddable":true,"href":"https:\/\/elcronistadigital.com\/index.php?rest_route=%2Fwp%2Fv2%2Ftags&post=33717"}],"curies":[{"name":"wp","href":"https:\/\/api.w.org\/{rel}","templated":true}]}}