{"id":33919,"date":"2014-07-24T09:42:43","date_gmt":"2014-07-24T15:42:43","guid":{"rendered":"http:\/\/elcronistadigital.com\/?p=33919"},"modified":"2014-07-24T09:42:43","modified_gmt":"2014-07-24T15:42:43","slug":"cuatro-ninos-ticos-nicas-llegaron-solos-a-estados-unidos","status":"publish","type":"post","link":"https:\/\/elcronistadigital.com\/?p=33919","title":{"rendered":"Cuatro ni\u00f1os ticos-nicas llegaron solos a Estados Unidos"},"content":{"rendered":"<p><a href=\"https:\/\/elcronistadigital.com\/?attachment_id=33920\" rel=\"attachment wp-att-33920\"><img loading=\"lazy\" decoding=\"async\" class=\"alignleft size-full wp-image-33920\" alt=\"viajerito\" src=\"https:\/\/elcronistadigital.com\/wp-content\/uploads\/2014\/07\/viajerito.jpg\" width=\"350\" height=\"213\" srcset=\"https:\/\/elcronistadigital.com\/wp-content\/uploads\/2014\/07\/viajerito.jpg 350w, https:\/\/elcronistadigital.com\/wp-content\/uploads\/2014\/07\/viajerito-300x182.jpg 300w, https:\/\/elcronistadigital.com\/wp-content\/uploads\/2014\/07\/viajerito-342x208.jpg 342w\" sizes=\"auto, (max-width: 350px) 100vw, 350px\" \/><\/a>Cuatro ni\u00f1os costarricenses, pero de padres nicarag\u00fcenses, cruzaron solos la frontera entre M\u00e9xico y Estados Unidos, donde fueron capturados por las autoridades norteamericanas.<\/p>\n<p>Este embrollo de nacionalidades originado por la migraci\u00f3n, provoc\u00f3 confusi\u00f3n en Costa Rica, pa\u00eds que sostiene que ning\u00fan menor de ese pa\u00eds ha emprendido el viaje solo en busca del ahora naciente \u201cinfantil sue\u00f1o americano\u201d.<\/p>\n<p>Seg\u00fan diarios ticos, la Direcci\u00f3n General de Migraci\u00f3n confirm\u00f3 el mi\u00e9rcoles que los cuatro menores de edad que cruzaron solos la frontera entre EE. UU. y M\u00e9xico, la semana pasada, son costarricenses.<\/p>\n<p>\u201cLos ni\u00f1os son hijos de nicarag\u00fcenses y resid\u00edan en Nicaragua. No tienen pasaportes de Costa Rica pero s\u00ed aparecen empadronados en las listas de nacionales del Registro Civil\u201d, se\u00f1ala La Naci\u00f3n citando a Migraci\u00f3n.<\/p>\n<p>Luego de ser hallados por las autoridades estadounidenses, los peque\u00f1os fueron entregados a sus padres, que ya se hab\u00edan establecido en la naci\u00f3n del norte.<\/p>\n<p>Por ahora no hay datos sobre la edad de los ni\u00f1os. Tampoco se sabe en qu\u00e9 momento abandonaron Costa Rica y al parecer lo habr\u00edan hecho por la v\u00eda informal.<\/p>\n<p>Este es el primer reporte de menores costarricenses que intentan pasar esa frontera.<\/p>\n<p>Ellos cuatro se suman al fen\u00f3meno migratorio que se vive en esa zona lim\u00edtrofe y que, seg\u00fan la Comisi\u00f3n Interamericana de Derechos Humanos, suma ya cerca de 47.000 ni\u00f1os centroamericanos que, en el \u00faltimo a\u00f1o, se aventuraron a cruzar el borde entre M\u00e9xico y Estados Unidos, para huir de la pobreza y la violencia en la regi\u00f3n.<\/p>\n<p>El martes de la semana pasada, La Naci\u00f3n public\u00f3 en su versi\u00f3n web una alerta del diputado de la Unidad Social Cristiana (PUSC), Humberto Vargas, sobre ni\u00f1os ticos en esa zona fronteriza.<\/p>\n<p>Pocos minutos despu\u00e9s, la Canciller\u00eda descart\u00f3 que se tratara de costarricenses, basada en informaci\u00f3n remitida por el consulado tico en Houston, Texas.<\/p>\n<p>Sin embargo, la nueva informaci\u00f3n de la Direcci\u00f3n de Migraci\u00f3n contradice esa comunicaci\u00f3n y da por un hecho que los menores son de nacionalidad costarricense.<\/p>\n<p>A nivel local, tanto Migraci\u00f3n como el Patronato Nacional de la Infancia (PANI) confirmaron que al menos 31 ni\u00f1os han entrado solos de Nicaragua hacia Costa Rica, en el \u00faltimo a\u00f1o y medio.<\/p>\n","protected":false},"excerpt":{"rendered":"<p>Cuatro ni\u00f1os costarricenses, pero de padres nicarag\u00fcenses, cruzaron solos la frontera entre M\u00e9xico y Estados Unidos, donde fueron capturados por las autoridades norteamericanas. Este embrollo de nacionalidades originado por la migraci\u00f3n, provoc\u00f3 confusi\u00f3n en Costa Rica, pa\u00eds que sostiene que ning\u00fan menor de ese pa\u00eds ha emprendido el viaje solo en busca del ahora naciente [&hellip;]<\/p>\n","protected":false},"author":1,"featured_media":33920,"comment_status":"open","ping_status":"open","sticky":false,"template":"","format":"standard","meta":{"om_disable_all_campaigns":false,"_monsterinsights_skip_tracking":false,"_monsterinsights_sitenote_active":false,"_monsterinsights_sitenote_note":"","_monsterinsights_sitenote_category":0,"footnotes":""},"categories":[16,3524],"tags":[],"class_list":["post-33919","post","type-post","status-publish","format-standard","has-post-thumbnail","hentry","category-migrante","category-noticas"],"aioseo_notices":[],"_links":{"self":[{"href":"https:\/\/elcronistadigital.com\/index.php?rest_route=\/wp\/v2\/posts\/33919","targetHints":{"allow":["GET"]}}],"collection":[{"href":"https:\/\/elcronistadigital.com\/index.php?rest_route=\/wp\/v2\/posts"}],"about":[{"href":"https:\/\/elcronistadigital.com\/index.php?rest_route=\/wp\/v2\/types\/post"}],"author":[{"embeddable":true,"href":"https:\/\/elcronistadigital.com\/index.php?rest_route=\/wp\/v2\/users\/1"}],"replies":[{"embeddable":true,"href":"https:\/\/elcronistadigital.com\/index.php?rest_route=%2Fwp%2Fv2%2Fcomments&post=33919"}],"version-history":[{"count":1,"href":"https:\/\/elcronistadigital.com\/index.php?rest_route=\/wp\/v2\/posts\/33919\/revisions"}],"predecessor-version":[{"id":33921,"href":"https:\/\/elcronistadigital.com\/index.php?rest_route=\/wp\/v2\/posts\/33919\/revisions\/33921"}],"wp:featuredmedia":[{"embeddable":true,"href":"https:\/\/elcronistadigital.com\/index.php?rest_route=\/wp\/v2\/media\/33920"}],"wp:attachment":[{"href":"https:\/\/elcronistadigital.com\/index.php?rest_route=%2Fwp%2Fv2%2Fmedia&parent=33919"}],"wp:term":[{"taxonomy":"category","embeddable":true,"href":"https:\/\/elcronistadigital.com\/index.php?rest_route=%2Fwp%2Fv2%2Fcategories&post=33919"},{"taxonomy":"post_tag","embeddable":true,"href":"https:\/\/elcronistadigital.com\/index.php?rest_route=%2Fwp%2Fv2%2Ftags&post=33919"}],"curies":[{"name":"wp","href":"https:\/\/api.w.org\/{rel}","templated":true}]}}