{"id":33922,"date":"2014-07-24T10:45:17","date_gmt":"2014-07-24T16:45:17","guid":{"rendered":"http:\/\/elcronistadigital.com\/?p=33922"},"modified":"2014-07-24T10:45:17","modified_gmt":"2014-07-24T16:45:17","slug":"francisco-el-comunicador","status":"publish","type":"post","link":"https:\/\/elcronistadigital.com\/?p=33922","title":{"rendered":"Francisco, el comunicador"},"content":{"rendered":"<p><a href=\"https:\/\/elcronistadigital.com\/?attachment_id=33923\" rel=\"attachment wp-att-33923\"><img loading=\"lazy\" decoding=\"async\" class=\"alignleft size-medium wp-image-33923\" alt=\"Papa Francisco 2\" src=\"https:\/\/elcronistadigital.com\/wp-content\/uploads\/2014\/07\/Papa-Francisco-2-300x224.jpg\" width=\"300\" height=\"224\" srcset=\"https:\/\/elcronistadigital.com\/wp-content\/uploads\/2014\/07\/Papa-Francisco-2-300x224.jpg 300w, https:\/\/elcronistadigital.com\/wp-content\/uploads\/2014\/07\/Papa-Francisco-2-342x256.jpg 342w, https:\/\/elcronistadigital.com\/wp-content\/uploads\/2014\/07\/Papa-Francisco-2-60x45.jpg 60w, https:\/\/elcronistadigital.com\/wp-content\/uploads\/2014\/07\/Papa-Francisco-2-150x113.jpg 150w, https:\/\/elcronistadigital.com\/wp-content\/uploads\/2014\/07\/Papa-Francisco-2-269x201.jpg 269w, https:\/\/elcronistadigital.com\/wp-content\/uploads\/2014\/07\/Papa-Francisco-2.jpg 619w\" sizes=\"auto, (max-width: 300px) 100vw, 300px\" \/><\/a>Rub\u00e9n Aguilar Valenzuela<\/p>\n<p>El papa Francisco llama la atenci\u00f3n a diario por su peculiar manera de comunicarse. Sin duda tiene una habilidad innata para hacerlo, pero tambi\u00e9n hay un especial cuidado, una clara estrategia, para organizar sus mensajes y la manera de decirlos.<\/p>\n<p>En sus a\u00f1os de formaci\u00f3n jesuita recibi\u00f3 cursos de oratoria, redacci\u00f3n y como p\u00e1rroco. Despu\u00e9s, como obispo, tuvo muchas oportunidades de poner en juego sus dotes de comunicador y conocer la reacci\u00f3n de sus audiencias.<\/p>\n<p>A prop\u00f3sito del primer a\u00f1o de su papado, que se cumpli\u00f3 el pasado marzo, la revista italiana Vita hizo un estudio del lenguaje que utiliza el papa en todas sus intervenciones. De \u00e9l se desprende que, despu\u00e9s de la palabra \u201cJes\u00fas\u201d, la m\u00e1s utilizada es \u201ctodo\/todos\u201d, que busca crear complicidad con quien escucha.<\/p>\n<p>En sus discursos, agrega la revista, utiliza constantemente el recurso de la pregunta para involucrar a las audiencias, y tambi\u00e9n las palabras \u201cperd\u00f3n\u201d, \u201cgracias\u201d, \u201cpor favor\u201d, todas ellas con la intenci\u00f3n de romper la distancia con sus interlocutores.<\/p>\n<p>Las intervenciones del papa siempre son claras y salen de la l\u00f3gica del discurso autorreferencial de la iglesia para conectar con un mundo mucho m\u00e1s amplio en un lenguaje sencillo, directo y en tono coloquial. Francisco da a la palabra la importancia que merece.<\/p>\n<p>Su comunicaci\u00f3n no solo suscita empat\u00eda, sino tambi\u00e9n inter\u00e9s de las audiencias, entre ellas los mismos medios. El papa sabe llegar a los grandes auditorios y establecer relaci\u00f3n con los mismos. Incluso con los que no se encuentran en el evento, que son por mucho los m\u00e1s, se comunica a trav\u00e9s de los medios.<\/p>\n<p>En sus intervenciones revela que siempre \u2013es parte de su \u00e9xito\u2013 sabe con qui\u00e9n se comunica, a qui\u00e9n tiene delante, y por lo mismo en cada ocasi\u00f3n utiliza el lenguaje y las formas adecuadas para ese p\u00fablico, de manera que llegue el mensaje que quiere trasmitir.<\/p>\n<p>El investigador italiano Marc Carroggio se pregunta: \u00bfPor qu\u00e9 la gente conecta con el papa? A\u00f1adir\u00eda tambi\u00e9n con la prensa. Su respuesta: \u201cTiene un mensaje conciso, que hace uso de conectores entre el lenguaje de Dios y el de la realidad de la vida cotidiana (\u2026) y es, al mismo tiempo, emp\u00e1tico y repleto de gestos\u201d. Ignazio Ingrao, vaticanista de la revista italiana Panorama, asegura que \u201clo m\u00e1s relevante de este primer a\u00f1o de pontificado es la revoluci\u00f3n del lenguaje y el estilo introducido por Francisco. Para \u00e9l la Iglesia cre\u00edble es una en la que los cristianos tambi\u00e9n lo son al hacer coincidir sus conductas con lo que proclaman y profesan\u201d.<\/p>\n<p>A lo anterior, con lo que estoy de acuerdo, agrego que el papa cree en lo que dice y logra trasmitir esa convicci\u00f3n. Eso provoca que su mensaje sea muy atractivo. Lo hace cre\u00edble, ah\u00ed est\u00e1 su mayor fuerza, y nunca aparece como una ret\u00f3rica vac\u00eda o llena de palabras que se lleva el viento.<\/p>\n<p>El otro elemento que subrayo es el cuidado expreso, parte de su estrategia de comunicaci\u00f3n, de hacerse ver como una persona normal, como cualquier otra. Su manera de actuar busca la cercan\u00eda y rompe con cualquier distancia que se pudiera establecer entre el hombre del poder y el ciudadano de a pie.<\/p>\n","protected":false},"excerpt":{"rendered":"<p>Rub\u00e9n Aguilar Valenzuela El papa Francisco llama la atenci\u00f3n a diario por su peculiar manera de comunicarse. Sin duda tiene una habilidad innata para hacerlo, pero tambi\u00e9n hay un especial cuidado, una clara estrategia, para organizar sus mensajes y la manera de decirlos. En sus a\u00f1os de formaci\u00f3n jesuita recibi\u00f3 cursos de oratoria, redacci\u00f3n y [&hellip;]<\/p>\n","protected":false},"author":1,"featured_media":33923,"comment_status":"open","ping_status":"open","sticky":false,"template":"","format":"standard","meta":{"om_disable_all_campaigns":false,"_monsterinsights_skip_tracking":false,"_monsterinsights_sitenote_active":false,"_monsterinsights_sitenote_note":"","_monsterinsights_sitenote_category":0,"footnotes":""},"categories":[12],"tags":[],"class_list":["post-33922","post","type-post","status-publish","format-standard","has-post-thumbnail","hentry","category-blugs"],"aioseo_notices":[],"_links":{"self":[{"href":"https:\/\/elcronistadigital.com\/index.php?rest_route=\/wp\/v2\/posts\/33922","targetHints":{"allow":["GET"]}}],"collection":[{"href":"https:\/\/elcronistadigital.com\/index.php?rest_route=\/wp\/v2\/posts"}],"about":[{"href":"https:\/\/elcronistadigital.com\/index.php?rest_route=\/wp\/v2\/types\/post"}],"author":[{"embeddable":true,"href":"https:\/\/elcronistadigital.com\/index.php?rest_route=\/wp\/v2\/users\/1"}],"replies":[{"embeddable":true,"href":"https:\/\/elcronistadigital.com\/index.php?rest_route=%2Fwp%2Fv2%2Fcomments&post=33922"}],"version-history":[{"count":1,"href":"https:\/\/elcronistadigital.com\/index.php?rest_route=\/wp\/v2\/posts\/33922\/revisions"}],"predecessor-version":[{"id":33924,"href":"https:\/\/elcronistadigital.com\/index.php?rest_route=\/wp\/v2\/posts\/33922\/revisions\/33924"}],"wp:featuredmedia":[{"embeddable":true,"href":"https:\/\/elcronistadigital.com\/index.php?rest_route=\/wp\/v2\/media\/33923"}],"wp:attachment":[{"href":"https:\/\/elcronistadigital.com\/index.php?rest_route=%2Fwp%2Fv2%2Fmedia&parent=33922"}],"wp:term":[{"taxonomy":"category","embeddable":true,"href":"https:\/\/elcronistadigital.com\/index.php?rest_route=%2Fwp%2Fv2%2Fcategories&post=33922"},{"taxonomy":"post_tag","embeddable":true,"href":"https:\/\/elcronistadigital.com\/index.php?rest_route=%2Fwp%2Fv2%2Ftags&post=33922"}],"curies":[{"name":"wp","href":"https:\/\/api.w.org\/{rel}","templated":true}]}}