{"id":34024,"date":"2014-07-28T08:50:28","date_gmt":"2014-07-28T14:50:28","guid":{"rendered":"http:\/\/elcronistadigital.com\/?p=34024"},"modified":"2014-07-28T08:50:28","modified_gmt":"2014-07-28T14:50:28","slug":"historia-del-narcotrafico-en-mexico","status":"publish","type":"post","link":"https:\/\/elcronistadigital.com\/?p=34024","title":{"rendered":"Historia del narcotr\u00e1fico en M\u00e9xico"},"content":{"rendered":"<div id=\"attachment_34029\" style=\"width: 210px\" class=\"wp-caption alignleft\"><a href=\"https:\/\/elcronistadigital.com\/?attachment_id=34029\" rel=\"attachment wp-att-34029\"><img loading=\"lazy\" decoding=\"async\" aria-describedby=\"caption-attachment-34029\" class=\"size-medium wp-image-34029\" alt=\"Rub\u00e9n Aguilar Valenzuela.\" src=\"https:\/\/elcronistadigital.com\/wp-content\/uploads\/2014\/07\/Rub\u00e9n-Aguilar-Valenzuela1-200x300.jpg\" width=\"200\" height=\"300\" srcset=\"https:\/\/elcronistadigital.com\/wp-content\/uploads\/2014\/07\/Rub\u00e9n-Aguilar-Valenzuela1-200x300.jpg 200w, https:\/\/elcronistadigital.com\/wp-content\/uploads\/2014\/07\/Rub\u00e9n-Aguilar-Valenzuela1.jpg 299w\" sizes=\"auto, (max-width: 200px) 100vw, 200px\" \/><\/a><p id=\"caption-attachment-34029\" class=\"wp-caption-text\">Rub\u00e9n Aguilar Valenzuela.<\/p><\/div>\n<p>Rub\u00e9n Aguilar Valenzuela<\/p>\n<p>Hace unos meses apareci\u00f3 el libro escrito por Guillermo Valdez Castellanos, Historia del narcotr\u00e1fico en M\u00e9xico: Apuntes para entender al crimen organizado y la violencia (Editorial Aguilar, M\u00e9xico, 2013). El autor fue cinco a\u00f1os director del Centro de Investigaci\u00f3n y Seguridad Nacional (Cisen) en el gobierno del presidente Felipe Calder\u00f3n (2006-2012).<\/p>\n<p>La primera parte del texto, la m\u00e1s extensa, da cuenta de la historia del narcotr\u00e1fico en M\u00e9xico y la segunda, la m\u00e1s breve, plantea la estrategia que sigui\u00f3 el gobierno de Calder\u00f3n, para combatir al narcotr\u00e1fico y los resultados positivos que, desde su visi\u00f3n, arroj\u00f3 la misma.<\/p>\n<p>En la historia, que se construye desde la l\u00f3gica del analista cr\u00edtico, se ofrece una versi\u00f3n muy completa de la evoluci\u00f3n de las organizaciones dedicadas al narcotr\u00e1fico desde la d\u00e9cada de los a\u00f1os 20 del siglo pasado a la actualidad. Se trata de un trabajo valioso que a m\u00e1s de los hechos, ofrece un an\u00e1lisis de los distintos per\u00edodos del narcotr\u00e1fico. En cada etapa se ve el contexto econ\u00f3mico y pol\u00edtico, la acci\u00f3n del gobierno de Estados Unidos, la implicaci\u00f3n de las autoridades mexicanas y las caracter\u00edsticas que adoptan las organizaciones criminales.<\/p>\n<p>El autor dialoga tambi\u00e9n con los te\u00f3ricos que a nivel mundial trabajan el tema de la violencia y el crimen organizado. Considero que esta parte del libro se va a convertir en un referente obligado, un texto de consulta, sobre la historia del narcotr\u00e1fico en M\u00e9xico. La segunda parte del texto est\u00e1 escrita desde la l\u00f3gica del funcionario p\u00fablico y se propone: responder a las cr\u00edticas de quienes no estuvieron de acuerdo con la \u201cguerra\u201d implementada por Calder\u00f3n, para enfrentar al narcotr\u00e1fico y dar cuenta de los supuestos buenos resultados que tuvo la aplicaci\u00f3n de la misma.<\/p>\n<p>El autor en el desarrollo de la misma ofrece la que pienso es la mejor, la m\u00e1s argumentada e inteligente, de las defensas de la estrategia del gobierno calderonista en la lucha contra el narcotr\u00e1fico. Se presenta el diagn\u00f3stico que se hizo sobre la situaci\u00f3n y las medidas que se tomaron, para hacer frente a la misma.<\/p>\n<p>En su versi\u00f3n es lo que deb\u00eda hacerse, pero a pesar del aumento de la violencia, que trata de explicar, y del evidente fracaso de la estrategia, en ning\u00fan momento hay referencias cr\u00edticas a lo hecho por el gobierno. En la visi\u00f3n del funcionario p\u00fablico todo lo realizado en esta materia estuvo bien hecho. En la lectura no encuentro referencias a la violaci\u00f3n de los derechos humanos y a los desaparecidos, situaciones registradas por los organismos internacionales, tampoco a la actuaci\u00f3n de la Polic\u00eda Federal, el Ej\u00e9rcito y la Marina y ning\u00fan comentario a la desastrosa pol\u00edtica de comunicaci\u00f3n sobre el tema que tuvo al presidente como figura central.<\/p>\n<p>Las dos partes del libro est\u00e1n escritas en l\u00f3gicas distintas; la primera es la del analista y acad\u00e9mico; la segunda, la propia del funcionario p\u00fablico que defiende lo que hizo el gobierno en el que particip\u00f3. En esta parte del texto el autor no pudo o no quiso distanciarse, para asumir la mirada del analista.<\/p>\n","protected":false},"excerpt":{"rendered":"<p>Rub\u00e9n Aguilar Valenzuela Hace unos meses apareci\u00f3 el libro escrito por Guillermo Valdez Castellanos, Historia del narcotr\u00e1fico en M\u00e9xico: Apuntes para entender al crimen organizado y la violencia (Editorial Aguilar, M\u00e9xico, 2013). El autor fue cinco a\u00f1os director del Centro de Investigaci\u00f3n y Seguridad Nacional (Cisen) en el gobierno del presidente Felipe Calder\u00f3n (2006-2012). La [&hellip;]<\/p>\n","protected":false},"author":1,"featured_media":34029,"comment_status":"open","ping_status":"open","sticky":false,"template":"","format":"standard","meta":{"om_disable_all_campaigns":false,"_monsterinsights_skip_tracking":false,"_monsterinsights_sitenote_active":false,"_monsterinsights_sitenote_note":"","_monsterinsights_sitenote_category":0,"footnotes":""},"categories":[12],"tags":[],"class_list":["post-34024","post","type-post","status-publish","format-standard","has-post-thumbnail","hentry","category-blugs"],"aioseo_notices":[],"_links":{"self":[{"href":"https:\/\/elcronistadigital.com\/index.php?rest_route=\/wp\/v2\/posts\/34024","targetHints":{"allow":["GET"]}}],"collection":[{"href":"https:\/\/elcronistadigital.com\/index.php?rest_route=\/wp\/v2\/posts"}],"about":[{"href":"https:\/\/elcronistadigital.com\/index.php?rest_route=\/wp\/v2\/types\/post"}],"author":[{"embeddable":true,"href":"https:\/\/elcronistadigital.com\/index.php?rest_route=\/wp\/v2\/users\/1"}],"replies":[{"embeddable":true,"href":"https:\/\/elcronistadigital.com\/index.php?rest_route=%2Fwp%2Fv2%2Fcomments&post=34024"}],"version-history":[{"count":1,"href":"https:\/\/elcronistadigital.com\/index.php?rest_route=\/wp\/v2\/posts\/34024\/revisions"}],"predecessor-version":[{"id":34030,"href":"https:\/\/elcronistadigital.com\/index.php?rest_route=\/wp\/v2\/posts\/34024\/revisions\/34030"}],"wp:featuredmedia":[{"embeddable":true,"href":"https:\/\/elcronistadigital.com\/index.php?rest_route=\/wp\/v2\/media\/34029"}],"wp:attachment":[{"href":"https:\/\/elcronistadigital.com\/index.php?rest_route=%2Fwp%2Fv2%2Fmedia&parent=34024"}],"wp:term":[{"taxonomy":"category","embeddable":true,"href":"https:\/\/elcronistadigital.com\/index.php?rest_route=%2Fwp%2Fv2%2Fcategories&post=34024"},{"taxonomy":"post_tag","embeddable":true,"href":"https:\/\/elcronistadigital.com\/index.php?rest_route=%2Fwp%2Fv2%2Ftags&post=34024"}],"curies":[{"name":"wp","href":"https:\/\/api.w.org\/{rel}","templated":true}]}}