{"id":34308,"date":"2014-08-11T06:23:13","date_gmt":"2014-08-11T12:23:13","guid":{"rendered":"http:\/\/elcronistadigital.com\/?p=34308"},"modified":"2014-08-11T06:23:13","modified_gmt":"2014-08-11T12:23:13","slug":"fallecio-juan-bautista-arrien","status":"publish","type":"post","link":"https:\/\/elcronistadigital.com\/?p=34308","title":{"rendered":"Falleci\u00f3 Juan Bautista Arr\u00eden"},"content":{"rendered":"<div id=\"attachment_34309\" style=\"width: 306px\" class=\"wp-caption alignleft\"><a href=\"https:\/\/elcronistadigital.com\/?attachment_id=34309\" rel=\"attachment wp-att-34309\"><img loading=\"lazy\" decoding=\"async\" aria-describedby=\"caption-attachment-34309\" class=\"size-medium wp-image-34309\" alt=\"Juan Bautista Arr\u00eden.\" src=\"https:\/\/elcronistadigital.com\/wp-content\/uploads\/2014\/08\/Juan-Bautista-Arr\u00eden-296x300.jpg\" width=\"296\" height=\"300\" srcset=\"https:\/\/elcronistadigital.com\/wp-content\/uploads\/2014\/08\/Juan-Bautista-Arr\u00eden-296x300.jpg 296w, https:\/\/elcronistadigital.com\/wp-content\/uploads\/2014\/08\/Juan-Bautista-Arr\u00eden-50x50.jpg 50w, https:\/\/elcronistadigital.com\/wp-content\/uploads\/2014\/08\/Juan-Bautista-Arr\u00eden-70x70.jpg 70w, https:\/\/elcronistadigital.com\/wp-content\/uploads\/2014\/08\/Juan-Bautista-Arr\u00eden-55x55.jpg 55w, https:\/\/elcronistadigital.com\/wp-content\/uploads\/2014\/08\/Juan-Bautista-Arr\u00eden.jpg 300w\" sizes=\"auto, (max-width: 296px) 100vw, 296px\" \/><\/a><p id=\"caption-attachment-34309\" class=\"wp-caption-text\">Juan Bautista Arr\u00eden.<\/p><\/div>\n<p>El representante de la Organizaci\u00f3n para la Educaci\u00f3n, la Ciencia y la Cultura (UNESCO) en Nicaragua, Juan Bautista Arrien, de origen espa\u00f1ol, falleci\u00f3 a consecuencia del c\u00e1ncer.<\/p>\n<p>El ex sacerdote Jesuita y ex rector universitario, muri\u00f3 la v\u00edspera a los 83 a\u00f1os de edad y 58 de residir en Nicaragua, luego de estar hospitalizado desde finales de julio, inform\u00f3 la prensa local.<\/p>\n<p>Doctor en Filosof\u00eda, licenciado en Teolog\u00eda y ex rector de la Universidad Centroamericana (UCA), renunci\u00f3 a la orden de la Compa\u00f1\u00eda de Jes\u00fas en 1979, adem\u00e1s fue futbolista y gran promotor del deporte Nacional.<\/p>\n<p>Su nombre fue colocado en el Sal\u00f3n de la Fama del Deporte Nicarag\u00fcense.<\/p>\n","protected":false},"excerpt":{"rendered":"<p>El representante de la Organizaci\u00f3n para la Educaci\u00f3n, la Ciencia y la Cultura (UNESCO) en Nicaragua, Juan Bautista Arrien, de origen espa\u00f1ol, falleci\u00f3 a consecuencia del c\u00e1ncer. El ex sacerdote Jesuita y ex rector universitario, muri\u00f3 la v\u00edspera a los 83 a\u00f1os de edad y 58 de residir en Nicaragua, luego de estar hospitalizado desde [&hellip;]<\/p>\n","protected":false},"author":1,"featured_media":0,"comment_status":"open","ping_status":"open","sticky":false,"template":"","format":"standard","meta":{"om_disable_all_campaigns":false,"_monsterinsights_skip_tracking":false,"_monsterinsights_sitenote_active":false,"_monsterinsights_sitenote_note":"","_monsterinsights_sitenote_category":0,"footnotes":""},"categories":[3],"tags":[],"class_list":["post-34308","post","type-post","status-publish","format-standard","hentry","category-nacionales"],"aioseo_notices":[],"_links":{"self":[{"href":"https:\/\/elcronistadigital.com\/index.php?rest_route=\/wp\/v2\/posts\/34308","targetHints":{"allow":["GET"]}}],"collection":[{"href":"https:\/\/elcronistadigital.com\/index.php?rest_route=\/wp\/v2\/posts"}],"about":[{"href":"https:\/\/elcronistadigital.com\/index.php?rest_route=\/wp\/v2\/types\/post"}],"author":[{"embeddable":true,"href":"https:\/\/elcronistadigital.com\/index.php?rest_route=\/wp\/v2\/users\/1"}],"replies":[{"embeddable":true,"href":"https:\/\/elcronistadigital.com\/index.php?rest_route=%2Fwp%2Fv2%2Fcomments&post=34308"}],"version-history":[{"count":1,"href":"https:\/\/elcronistadigital.com\/index.php?rest_route=\/wp\/v2\/posts\/34308\/revisions"}],"predecessor-version":[{"id":34310,"href":"https:\/\/elcronistadigital.com\/index.php?rest_route=\/wp\/v2\/posts\/34308\/revisions\/34310"}],"wp:attachment":[{"href":"https:\/\/elcronistadigital.com\/index.php?rest_route=%2Fwp%2Fv2%2Fmedia&parent=34308"}],"wp:term":[{"taxonomy":"category","embeddable":true,"href":"https:\/\/elcronistadigital.com\/index.php?rest_route=%2Fwp%2Fv2%2Fcategories&post=34308"},{"taxonomy":"post_tag","embeddable":true,"href":"https:\/\/elcronistadigital.com\/index.php?rest_route=%2Fwp%2Fv2%2Ftags&post=34308"}],"curies":[{"name":"wp","href":"https:\/\/api.w.org\/{rel}","templated":true}]}}