{"id":34314,"date":"2014-08-11T06:45:31","date_gmt":"2014-08-11T12:45:31","guid":{"rendered":"http:\/\/elcronistadigital.com\/?p=34314"},"modified":"2014-08-11T06:45:31","modified_gmt":"2014-08-11T12:45:31","slug":"esperanza-en-proxima-cosecha","status":"publish","type":"post","link":"https:\/\/elcronistadigital.com\/?p=34314","title":{"rendered":"Esperanza en pr\u00f3xima cosecha"},"content":{"rendered":"<p><a href=\"https:\/\/elcronistadigital.com\/?attachment_id=34315\" rel=\"attachment wp-att-34315\"><img loading=\"lazy\" decoding=\"async\" class=\"alignleft size-medium wp-image-34315\" alt=\"frijol ferroso\" src=\"https:\/\/elcronistadigital.com\/wp-content\/uploads\/2014\/08\/frijol-ferroso-300x224.jpg\" width=\"300\" height=\"224\" srcset=\"https:\/\/elcronistadigital.com\/wp-content\/uploads\/2014\/08\/frijol-ferroso-300x224.jpg 300w, https:\/\/elcronistadigital.com\/wp-content\/uploads\/2014\/08\/frijol-ferroso-342x256.jpg 342w, https:\/\/elcronistadigital.com\/wp-content\/uploads\/2014\/08\/frijol-ferroso-60x45.jpg 60w, https:\/\/elcronistadigital.com\/wp-content\/uploads\/2014\/08\/frijol-ferroso-150x113.jpg 150w, https:\/\/elcronistadigital.com\/wp-content\/uploads\/2014\/08\/frijol-ferroso-269x201.jpg 269w, https:\/\/elcronistadigital.com\/wp-content\/uploads\/2014\/08\/frijol-ferroso.jpg 448w\" sizes=\"auto, (max-width: 300px) 100vw, 300px\" \/><\/a>Agricultores y ganaderos nicarag\u00fcenses esperan que con las pr\u00f3ximas siembras comience a recuperarse un sector abatido por la peor sequ\u00eda experimentada en Nicaragua desde 1986.<\/p>\n<p>Luego de que las lluvias estuvieron por debajo del 50% de lo normal entre mayo y julio, seg\u00fan datos oficiales, los productores agropecuarios creen que la situaci\u00f3n no puede ir a peor y esperan que mejore, inform\u00f3 Efe.<\/p>\n<p>\u201cEl d\u00e9ficit del per\u00edodo lo vamos a reponer\u201d, dijo el presidente de la Uni\u00f3n Nacional de Agricultores de Ganaderos (UNAG), \u00c1lvaro Fiallos.<\/p>\n<p>En Nicaragua llaman &#8216;postrera&#8217; a las siembras que van de julio a noviembre y &#8216;apante&#8217; a las que van de noviembre a enero, y ambas siembras suponen el 85% de la producci\u00f3n agr\u00edcola del pa\u00eds, seg\u00fan datos de la Uni\u00f3n de Productores Agropecuarios de Nicaragua (Upanic).<\/p>\n<p>La Upanic y la UNAG son optimistas y conf\u00edan en la recuperaci\u00f3n de las p\u00e9rdidas iniciales causadas por la sequ\u00eda actual al sector bas\u00e1ndose en este r\u00e9gimen de siembra.<\/p>\n<p>La producci\u00f3n es alta en estas \u00e9pocas porque coincide con los meses m\u00e1s lluviosos del a\u00f1o, de septiembre a octubre, que dejan los suelos h\u00famedos hasta inicios del siguiente a\u00f1o.<\/p>\n<p>Sin embargo, el Instituto Nicarag\u00fcense de Estudios Territoriales (Ineter) advirti\u00f3 que la sequ\u00eda podr\u00eda extenderse.<\/p>\n<p>En ma\u00edz, se espera una reducci\u00f3n de 1,1 millones de quintales, en arroz la reducci\u00f3n fue calculada en 1,3 millones de quintales y en man\u00ed de 100.000 quintales, mientras que los fr\u00edjoles se mantendr\u00edan en 3,9 millones de quintales.<\/p>\n<p>Los productores de caf\u00e9 tambi\u00e9n advirtieron que podr\u00edan sufrir las consecuencias de la sequ\u00eda, y los ganaderos mantuvieron las cifras de 2.500 reses muertas y m\u00e1s de 600.000 en riesgo por malnutrici\u00f3n.<\/p>\n<p>En la Mesa Nacional de Gesti\u00f3n del Riesgo (MNGR) hay consenso en que el final de la sequ\u00eda es inminente.<\/p>\n<p>La agricultura representa el 18 % del PIB de Nicaragua, y la ganader\u00eda el 10 %, seg\u00fan datos oficiales.<\/p>\n<p>La sequ\u00eda impact\u00f3 en la macroeconom\u00eda de Nicaragua, cuya inflaci\u00f3n acumulada en los primeros siete meses del a\u00f1o ascendi\u00f3 a 4,69 %, por encima del 3,46 % de un a\u00f1o antes, gracias en parte al alza en los alimentos, inform\u00f3 el Banco Central de Nicaragua.<\/p>\n<p>Los granos b\u00e1sicos registraron las mayores alzas en precios, seg\u00fan el Ministerio Agropecuario y Forestal (Magfor).<\/p>\n<p>El Gobierno anunci\u00f3 que sostendr\u00e1 reuniones con los banqueros para intentar lograr cr\u00e9ditos para riego.<\/p>\n<p>Los gremios de productores esperan que las estad\u00edsticas de siempre en postrera y apante se mantengan para salvar con buena nota el presente ciclo productivo, siempre que las lluvias se multipliquen.<\/p>\n","protected":false},"excerpt":{"rendered":"<p>Agricultores y ganaderos nicarag\u00fcenses esperan que con las pr\u00f3ximas siembras comience a recuperarse un sector abatido por la peor sequ\u00eda experimentada en Nicaragua desde 1986. Luego de que las lluvias estuvieron por debajo del 50% de lo normal entre mayo y julio, seg\u00fan datos oficiales, los productores agropecuarios creen que la situaci\u00f3n no puede ir [&hellip;]<\/p>\n","protected":false},"author":1,"featured_media":34315,"comment_status":"open","ping_status":"open","sticky":false,"template":"","format":"standard","meta":{"om_disable_all_campaigns":false,"_monsterinsights_skip_tracking":false,"_monsterinsights_sitenote_active":false,"_monsterinsights_sitenote_note":"","_monsterinsights_sitenote_category":0,"footnotes":""},"categories":[3524],"tags":[],"class_list":["post-34314","post","type-post","status-publish","format-standard","has-post-thumbnail","hentry","category-noticas"],"aioseo_notices":[],"_links":{"self":[{"href":"https:\/\/elcronistadigital.com\/index.php?rest_route=\/wp\/v2\/posts\/34314","targetHints":{"allow":["GET"]}}],"collection":[{"href":"https:\/\/elcronistadigital.com\/index.php?rest_route=\/wp\/v2\/posts"}],"about":[{"href":"https:\/\/elcronistadigital.com\/index.php?rest_route=\/wp\/v2\/types\/post"}],"author":[{"embeddable":true,"href":"https:\/\/elcronistadigital.com\/index.php?rest_route=\/wp\/v2\/users\/1"}],"replies":[{"embeddable":true,"href":"https:\/\/elcronistadigital.com\/index.php?rest_route=%2Fwp%2Fv2%2Fcomments&post=34314"}],"version-history":[{"count":1,"href":"https:\/\/elcronistadigital.com\/index.php?rest_route=\/wp\/v2\/posts\/34314\/revisions"}],"predecessor-version":[{"id":34316,"href":"https:\/\/elcronistadigital.com\/index.php?rest_route=\/wp\/v2\/posts\/34314\/revisions\/34316"}],"wp:featuredmedia":[{"embeddable":true,"href":"https:\/\/elcronistadigital.com\/index.php?rest_route=\/wp\/v2\/media\/34315"}],"wp:attachment":[{"href":"https:\/\/elcronistadigital.com\/index.php?rest_route=%2Fwp%2Fv2%2Fmedia&parent=34314"}],"wp:term":[{"taxonomy":"category","embeddable":true,"href":"https:\/\/elcronistadigital.com\/index.php?rest_route=%2Fwp%2Fv2%2Fcategories&post=34314"},{"taxonomy":"post_tag","embeddable":true,"href":"https:\/\/elcronistadigital.com\/index.php?rest_route=%2Fwp%2Fv2%2Ftags&post=34314"}],"curies":[{"name":"wp","href":"https:\/\/api.w.org\/{rel}","templated":true}]}}