{"id":34325,"date":"2014-08-11T10:58:55","date_gmt":"2014-08-11T16:58:55","guid":{"rendered":"http:\/\/elcronistadigital.com\/?p=34325"},"modified":"2014-08-11T10:58:55","modified_gmt":"2014-08-11T16:58:55","slug":"apresan-a-ticos-que-pescaban-en-rio-san-juan","status":"publish","type":"post","link":"https:\/\/elcronistadigital.com\/?p=34325","title":{"rendered":"Apresan a ticos que pescaban en r\u00edo San Juan"},"content":{"rendered":"<p><a href=\"https:\/\/elcronistadigital.com\/?attachment_id=34326\" rel=\"attachment wp-att-34326\"><img loading=\"lazy\" decoding=\"async\" class=\"alignleft size-full wp-image-34326\" alt=\"R\u00edo San Juan y trocha tica\" src=\"https:\/\/elcronistadigital.com\/wp-content\/uploads\/2014\/08\/R\u00edo-San-Juan-y-trocha-tica.jpg\" width=\"300\" height=\"200\" \/><\/a>Tres costarricenses fueron capturados el domingo por miembros del Ej\u00e9rcito en territorio de Nicaragua, en medio de una situaci\u00f3n todav\u00eda no aclarada, aunque en \u201capariencia\u201d estaban pescando en el r\u00edo San Juan, de acuerdo a informaci\u00f3n proveniente del pa\u00eds vecino del sur.<\/p>\n<p>Los detenidos son un funcionario del Consejo Nacional de Vialidad (Conavi); un empleado de la Compa\u00f1\u00eda de Asesor\u00eda en Construcci\u00f3n e Ingenier\u00eda (Cacisa) y, presuntamente un botero, dijo el domingo por la noche Guiselle Alfaro, ingeniera coordinadora de las obras en la ruta 1856 o trocha fronteriza.<\/p>\n<p>El arresto de los costarricenses se registr\u00f3 en horas de la tarde frente a Tiricias de Cutris, luego de que fueron sorprendidos por soldados. \u201cNo conozco muchos detalles; en apariencia se metieron a pescar al r\u00edo San Juan. El Comando de Los Chiles ya est\u00e1 al tanto de la situaci\u00f3n\u201d, manifest\u00f3 Alfaro citado por La Naci\u00f3n.<\/p>\n<p>Allan Obando, director regional de la Fuerza P\u00fablica, asegur\u00f3 anoche, v\u00eda telef\u00f3nica, que a primeras horas de este lunes varios oficiales ir\u00e1n en busca de m\u00e1s informaci\u00f3n sobre estos hechos.<\/p>\n<p>\u201cExtraoficialmente se nos inform\u00f3 de que est\u00e1n detenidos. No se sabe con certeza si estaban navegando\u201d, relat\u00f3 el jefe policial.<\/p>\n<p>Otra versi\u00f3n es que los costarricenses estaban en un restaurante del lado nicarag\u00fcense cuando fueron detenidos. Fueron llevados al puesto policial de El Castillo.<\/p>\n","protected":false},"excerpt":{"rendered":"<p>Tres costarricenses fueron capturados el domingo por miembros del Ej\u00e9rcito en territorio de Nicaragua, en medio de una situaci\u00f3n todav\u00eda no aclarada, aunque en \u201capariencia\u201d estaban pescando en el r\u00edo San Juan, de acuerdo a informaci\u00f3n proveniente del pa\u00eds vecino del sur. Los detenidos son un funcionario del Consejo Nacional de Vialidad (Conavi); un empleado [&hellip;]<\/p>\n","protected":false},"author":1,"featured_media":34326,"comment_status":"open","ping_status":"open","sticky":false,"template":"","format":"standard","meta":{"om_disable_all_campaigns":false,"_monsterinsights_skip_tracking":false,"_monsterinsights_sitenote_active":false,"_monsterinsights_sitenote_note":"","_monsterinsights_sitenote_category":0,"footnotes":""},"categories":[3524,13],"tags":[],"class_list":["post-34325","post","type-post","status-publish","format-standard","has-post-thumbnail","hentry","category-noticas","category-portada"],"aioseo_notices":[],"_links":{"self":[{"href":"https:\/\/elcronistadigital.com\/index.php?rest_route=\/wp\/v2\/posts\/34325","targetHints":{"allow":["GET"]}}],"collection":[{"href":"https:\/\/elcronistadigital.com\/index.php?rest_route=\/wp\/v2\/posts"}],"about":[{"href":"https:\/\/elcronistadigital.com\/index.php?rest_route=\/wp\/v2\/types\/post"}],"author":[{"embeddable":true,"href":"https:\/\/elcronistadigital.com\/index.php?rest_route=\/wp\/v2\/users\/1"}],"replies":[{"embeddable":true,"href":"https:\/\/elcronistadigital.com\/index.php?rest_route=%2Fwp%2Fv2%2Fcomments&post=34325"}],"version-history":[{"count":1,"href":"https:\/\/elcronistadigital.com\/index.php?rest_route=\/wp\/v2\/posts\/34325\/revisions"}],"predecessor-version":[{"id":34327,"href":"https:\/\/elcronistadigital.com\/index.php?rest_route=\/wp\/v2\/posts\/34325\/revisions\/34327"}],"wp:featuredmedia":[{"embeddable":true,"href":"https:\/\/elcronistadigital.com\/index.php?rest_route=\/wp\/v2\/media\/34326"}],"wp:attachment":[{"href":"https:\/\/elcronistadigital.com\/index.php?rest_route=%2Fwp%2Fv2%2Fmedia&parent=34325"}],"wp:term":[{"taxonomy":"category","embeddable":true,"href":"https:\/\/elcronistadigital.com\/index.php?rest_route=%2Fwp%2Fv2%2Fcategories&post=34325"},{"taxonomy":"post_tag","embeddable":true,"href":"https:\/\/elcronistadigital.com\/index.php?rest_route=%2Fwp%2Fv2%2Ftags&post=34325"}],"curies":[{"name":"wp","href":"https:\/\/api.w.org\/{rel}","templated":true}]}}