{"id":34329,"date":"2014-08-11T11:38:59","date_gmt":"2014-08-11T17:38:59","guid":{"rendered":"http:\/\/elcronistadigital.com\/?p=34329"},"modified":"2014-08-11T11:38:59","modified_gmt":"2014-08-11T17:38:59","slug":"rusia-hace-temblar-mercado-europeo","status":"publish","type":"post","link":"https:\/\/elcronistadigital.com\/?p=34329","title":{"rendered":"Rusia hace temblar mercado europeo"},"content":{"rendered":"<p><a href=\"https:\/\/elcronistadigital.com\/?attachment_id=34330\" rel=\"attachment wp-att-34330\"><img loading=\"lazy\" decoding=\"async\" class=\"alignleft size-medium wp-image-34330\" alt=\"mercado-polonia\" src=\"https:\/\/elcronistadigital.com\/wp-content\/uploads\/2014\/08\/mercado-polonia-300x168.jpg\" width=\"300\" height=\"168\" srcset=\"https:\/\/elcronistadigital.com\/wp-content\/uploads\/2014\/08\/mercado-polonia-300x168.jpg 300w, https:\/\/elcronistadigital.com\/wp-content\/uploads\/2014\/08\/mercado-polonia-342x192.jpg 342w, https:\/\/elcronistadigital.com\/wp-content\/uploads\/2014\/08\/mercado-polonia.jpg 644w\" sizes=\"auto, (max-width: 300px) 100vw, 300px\" \/><\/a>El &#8216;conseller&#8217; de Agricultura de la Generalitat de Catalunya, Espa\u00f1a, Josep Maria Pelegr\u00ed, advirti\u00f3 este lunes sobre el riesgo de que Rusia reemplace las compras de productos en Europa con la producci\u00f3n de los pa\u00edses latinoamericanos si no se encuentra una soluci\u00f3n \u00abr\u00e1pida\u00bb a la medida aprobada por el Gobierno de Putin que impide la exportaci\u00f3n de productos europeos a dicho pa\u00eds.<\/p>\n<p>\u00abSi se pierde el mercado durante un a\u00f1o, Rusia puede consolidar otros mercados con productos de otros pa\u00edses\u00bb, ha destacado Pelegr\u00ed en declaraciones a los medios antes de reunirse con representantes del sector c\u00e1rnico, y ha a\u00f1adido que, por el momento, los pa\u00edses latinoamericanos son los m\u00e1s beneficiados con el embargo.<\/p>\n<p>Ha se\u00f1alado que el Govern est\u00e1 trabajando en esta l\u00ednea y que las medidas que se adopten deben ir en esta direcci\u00f3n para no perder el mercado ruso que ha calificado como \u00abbueno\u00bb.<\/p>\n<p>El &#8216;conseller&#8217; ha reclamado a la UE m\u00e1s rapidez a la hora de activar los fondos de compensaci\u00f3n, y ha destacado que \u00aben caso de una perturbaci\u00f3n del mercado como la actual, se deber\u00eda actuar de manera autom\u00e1tica porque a medida que no se act\u00faa, la perturbaci\u00f3n se perpetua\u00bb.<\/p>\n<p>\u00abQueremos que la UE d\u00e9 la cara\u00bb, ha se\u00f1alado Pelegr\u00ed, que este martes viajar\u00e1 a Bruselas para reclamar que se activen las medidas que, seg\u00fan el &#8216;conseller&#8217;, la UE contempla, y ha explicado que las exportaciones catalanas a Rusia fueron 125 millones de euros en el 2013.<\/p>\n<p>Rusia decidi\u00f3 el pasado d\u00eda 7 prohibir la importaci\u00f3n de productos agroalimentarios provenientes de la UE, Estados Unidos, Australia, Canad\u00e1 y Noruega, en respuesta a las sanciones impuestas por estos pa\u00edses a Mosc\u00fa por su papel en la crisis de Ucrania. La prohibici\u00f3n, que durar\u00e1 un a\u00f1o, afecta a las importaciones de ternera, cerdo, verduras, hortalizas, frutas, carne de ave, pescado, quesos, leche y productos l\u00e1cteos.<\/p>\n<p>El impacto de este veto para la UE se estima en unos 5.252 millones de euros, que es el valor que alcanzaron las exportaciones de estos productos a Rusia el a\u00f1o pasado: 5.098 millones de euros en bienes agroalimentarios y 154 millones en pescado.<\/p>\n<p>Espa\u00f1a vendi\u00f3 el a\u00f1o pasado a Rusia productos agr\u00edcolas y alimentarios por valor de 338 millones de euros, lo que le convierte en el sexto pa\u00eds de la UE m\u00e1s afectado por la prohibici\u00f3n de Mosc\u00fa, por detr\u00e1s de Dinamarca, Holanda, Alemania, Polonia y Lituania, que es el pa\u00eds m\u00e1s afectado.<\/p>\n<p>Para el Ministerio de Agricultura, el veto ruso tendr\u00e1 para Espa\u00f1a un impacto \u00ablimitado\u00bb, ya que el volumen de exportaciones espa\u00f1olas a Rusia de productos agroalimentarios apenas representa el 1,8% del valor total que Espa\u00f1a vende al mundo.<\/p>\n<p>Las organizaciones profesionales agrarias Asaja, COAG y UPA han expresado, no obstante, su temor y han pedido tanto a Espa\u00f1a como al Ejecutivo comunitario una \u00abacci\u00f3n de fuerza\u00bb para conseguir que Mosc\u00fa levante la prohibici\u00f3n.<\/p>\n<p>Uno de los sectores productores espa\u00f1oles m\u00e1s afectados es el hortofrut\u00edcola, especialmente la fruta de hueso, sector que teme que esta restricci\u00f3n pueda ser aprovechada por Marruecos, principal competidor espa\u00f1ol, para hacerse con el nicho de ese mercado.<\/p>\n<p>El comisario europeo de Agricultura, Dacian Ciolos, asegur\u00f3 esta semana a los agricultores comunitarios que habr\u00e1 una respuesta \u00abproporcionada y r\u00e1pida\u00bb si la situaci\u00f3n generada lo requiere y record\u00f3 que la UE dispone de herramientas de apoyo mientras el sector se reorienta.<\/p>\n","protected":false},"excerpt":{"rendered":"<p>El &#8216;conseller&#8217; de Agricultura de la Generalitat de Catalunya, Espa\u00f1a, Josep Maria Pelegr\u00ed, advirti\u00f3 este lunes sobre el riesgo de que Rusia reemplace las compras de productos en Europa con la producci\u00f3n de los pa\u00edses latinoamericanos si no se encuentra una soluci\u00f3n \u00abr\u00e1pida\u00bb a la medida aprobada por el Gobierno de Putin que impide la [&hellip;]<\/p>\n","protected":false},"author":1,"featured_media":34330,"comment_status":"open","ping_status":"open","sticky":false,"template":"","format":"standard","meta":{"om_disable_all_campaigns":false,"_monsterinsights_skip_tracking":false,"_monsterinsights_sitenote_active":false,"_monsterinsights_sitenote_note":"","_monsterinsights_sitenote_category":0,"footnotes":""},"categories":[4,3524],"tags":[],"class_list":["post-34329","post","type-post","status-publish","format-standard","has-post-thumbnail","hentry","category-economia","category-noticas"],"aioseo_notices":[],"_links":{"self":[{"href":"https:\/\/elcronistadigital.com\/index.php?rest_route=\/wp\/v2\/posts\/34329","targetHints":{"allow":["GET"]}}],"collection":[{"href":"https:\/\/elcronistadigital.com\/index.php?rest_route=\/wp\/v2\/posts"}],"about":[{"href":"https:\/\/elcronistadigital.com\/index.php?rest_route=\/wp\/v2\/types\/post"}],"author":[{"embeddable":true,"href":"https:\/\/elcronistadigital.com\/index.php?rest_route=\/wp\/v2\/users\/1"}],"replies":[{"embeddable":true,"href":"https:\/\/elcronistadigital.com\/index.php?rest_route=%2Fwp%2Fv2%2Fcomments&post=34329"}],"version-history":[{"count":1,"href":"https:\/\/elcronistadigital.com\/index.php?rest_route=\/wp\/v2\/posts\/34329\/revisions"}],"predecessor-version":[{"id":34331,"href":"https:\/\/elcronistadigital.com\/index.php?rest_route=\/wp\/v2\/posts\/34329\/revisions\/34331"}],"wp:featuredmedia":[{"embeddable":true,"href":"https:\/\/elcronistadigital.com\/index.php?rest_route=\/wp\/v2\/media\/34330"}],"wp:attachment":[{"href":"https:\/\/elcronistadigital.com\/index.php?rest_route=%2Fwp%2Fv2%2Fmedia&parent=34329"}],"wp:term":[{"taxonomy":"category","embeddable":true,"href":"https:\/\/elcronistadigital.com\/index.php?rest_route=%2Fwp%2Fv2%2Fcategories&post=34329"},{"taxonomy":"post_tag","embeddable":true,"href":"https:\/\/elcronistadigital.com\/index.php?rest_route=%2Fwp%2Fv2%2Ftags&post=34329"}],"curies":[{"name":"wp","href":"https:\/\/api.w.org\/{rel}","templated":true}]}}