{"id":34338,"date":"2014-08-11T17:21:08","date_gmt":"2014-08-11T23:21:08","guid":{"rendered":"http:\/\/elcronistadigital.com\/?p=34338"},"modified":"2014-08-11T17:21:08","modified_gmt":"2014-08-11T23:21:08","slug":"la-restauracion-de-los-jesuitas","status":"publish","type":"post","link":"https:\/\/elcronistadigital.com\/?p=34338","title":{"rendered":"La restauraci\u00f3n de los jesuitas"},"content":{"rendered":"<p><a href=\"https:\/\/elcronistadigital.com\/?attachment_id=34339\" rel=\"attachment wp-att-34339\"><img loading=\"lazy\" decoding=\"async\" class=\"alignleft size-medium wp-image-34339\" alt=\"jesuitas\" src=\"https:\/\/elcronistadigital.com\/wp-content\/uploads\/2014\/08\/jesuitas-300x258.jpg\" width=\"300\" height=\"258\" srcset=\"https:\/\/elcronistadigital.com\/wp-content\/uploads\/2014\/08\/jesuitas-300x258.jpg 300w, https:\/\/elcronistadigital.com\/wp-content\/uploads\/2014\/08\/jesuitas-342x294.jpg 342w, https:\/\/elcronistadigital.com\/wp-content\/uploads\/2014\/08\/jesuitas-234x200.jpg 234w, https:\/\/elcronistadigital.com\/wp-content\/uploads\/2014\/08\/jesuitas.jpg 595w\" sizes=\"auto, (max-width: 300px) 100vw, 300px\" \/><\/a>Rub\u00e9n Aguilar Valenzuela<\/p>\n<p>En este 2014 se cumplen 200 a\u00f1os de la restauraci\u00f3n de la Compa\u00f1\u00eda de Jes\u00fas con la bula Sollicitudo omnium ecclesiarum (A petici\u00f3n de toda la Iglesia) firmada por el papa P\u00edo VII, el 7 de agosto de 1814. La supresi\u00f3n fue en 1773 y pasaron 41 a\u00f1os antes de que volviera a existir.<\/p>\n<p>En el momento en el que el papa restaura la Orden sobreviv\u00edan 600 de los antiguos jesuitas de los 23,000 que hab\u00eda al momento de la supresi\u00f3n por el breve del papa franciscano Clemente XIV, presionado por algunas de las m\u00e1s importantes casas reinantes de la \u00e9poca.<\/p>\n<p>La realidad es que los jesuitas no desaparecieron del todo, ya que la zarina Catalina II, La Grande, de religi\u00f3n ortodoxa, despu\u00e9s de anexionarse en 1771 la parte oriental de Polonia, con 800,000 cat\u00f3licos y 201 jesuitas, decide que \u00e9stos permanezcan en su reino. Los obispos, ante la situaci\u00f3n, nunca publican el breve de supresi\u00f3n en esa regi\u00f3n.<\/p>\n<p>El provincial de los jesuitas en Varsovia, ante la integraci\u00f3n de parte de Polonia a la Rusia Blanca, nombra al rector del Colegio en Polock, Stanislaw Czerniewicz, como viceprovincial en esa regi\u00f3n. En 1773, la Orden se suprime en Polonia, pero no aqu\u00ed. Los jesuitas deciden mantenerse unidos aprovechando la situaci\u00f3n.<\/p>\n<p>La zarina reconoc\u00eda a los jesuitas como grandes educadores y al protegerlos, en sus dominios estaba prohibida la promulgaci\u00f3n de cualquier edicto papal, demostraba soberan\u00eda e independencia de otros monarcas, pero sobre todo del Papa, como lo plantea el historiador Paul Oberholzer SJ.<\/p>\n<p>El papa Clemente XIV y despu\u00e9s P\u00edo VII no presionan la promulgaci\u00f3n del breve de supresi\u00f3n, pero tampoco reconocen oficialmente a los jesuitas en Rusia. Todos, por conveniencia, se mueven en la ambig\u00fcedad que evita las definiciones. La Compa\u00f1\u00eda de Jes\u00fas, en todo caso, sobrevive en esta regi\u00f3n del mundo.<\/p>\n<p>El obispo Stanislaw Siestrzencewicz, lituano converso al catolicismo, solicita al papa P\u00edo VI que se le transfiera la jurisdicci\u00f3n de todas las congregaciones religiosas en Rusia, para actuar contra los jesuitas. Una vez nombrado, hace lo contrario y autoriza a que \u00e9stos abran su noviciado en 1779. Roma se siente traicionada, pero no hace nada. Los jesuitas de esta provincia, la \u00fanica que existe, son 172.<\/p>\n<p>En 1792, el duque de Parma permite que los antiguos jesuitas se re\u00fanan y vivan en comunidad. En 1779, de Rusia llegan tres padres y fundan aqu\u00ed un noviciado. En 1797, despu\u00e9s de 13 a\u00f1os, puede entrar a Rusia un nuncio papal que se hospeda en la casa de los jesuitas.<\/p>\n<p>Se daba as\u00ed una aprobaci\u00f3n impl\u00edcita de la Orden por parte del papa. El zar Pablo I, cristiano ortodoxo, solicita a \u00e9ste el reconocimiento p\u00fablico de la Orden, y P\u00edo VII accede y aprueba oficialmente a los jesuitas de Rusia, el 7 de marzo de 1801. Trece a\u00f1os despu\u00e9s, un 7 de agosto, se restaura la Compa\u00f1\u00eda de Jes\u00fas en toda la Iglesia.<\/p>\n","protected":false},"excerpt":{"rendered":"<p>Rub\u00e9n Aguilar Valenzuela En este 2014 se cumplen 200 a\u00f1os de la restauraci\u00f3n de la Compa\u00f1\u00eda de Jes\u00fas con la bula Sollicitudo omnium ecclesiarum (A petici\u00f3n de toda la Iglesia) firmada por el papa P\u00edo VII, el 7 de agosto de 1814. La supresi\u00f3n fue en 1773 y pasaron 41 a\u00f1os antes de que volviera [&hellip;]<\/p>\n","protected":false},"author":1,"featured_media":34339,"comment_status":"open","ping_status":"open","sticky":false,"template":"","format":"standard","meta":{"om_disable_all_campaigns":false,"_monsterinsights_skip_tracking":false,"_monsterinsights_sitenote_active":false,"_monsterinsights_sitenote_note":"","_monsterinsights_sitenote_category":0,"footnotes":""},"categories":[12],"tags":[],"class_list":["post-34338","post","type-post","status-publish","format-standard","has-post-thumbnail","hentry","category-blugs"],"aioseo_notices":[],"_links":{"self":[{"href":"https:\/\/elcronistadigital.com\/index.php?rest_route=\/wp\/v2\/posts\/34338","targetHints":{"allow":["GET"]}}],"collection":[{"href":"https:\/\/elcronistadigital.com\/index.php?rest_route=\/wp\/v2\/posts"}],"about":[{"href":"https:\/\/elcronistadigital.com\/index.php?rest_route=\/wp\/v2\/types\/post"}],"author":[{"embeddable":true,"href":"https:\/\/elcronistadigital.com\/index.php?rest_route=\/wp\/v2\/users\/1"}],"replies":[{"embeddable":true,"href":"https:\/\/elcronistadigital.com\/index.php?rest_route=%2Fwp%2Fv2%2Fcomments&post=34338"}],"version-history":[{"count":1,"href":"https:\/\/elcronistadigital.com\/index.php?rest_route=\/wp\/v2\/posts\/34338\/revisions"}],"predecessor-version":[{"id":34340,"href":"https:\/\/elcronistadigital.com\/index.php?rest_route=\/wp\/v2\/posts\/34338\/revisions\/34340"}],"wp:featuredmedia":[{"embeddable":true,"href":"https:\/\/elcronistadigital.com\/index.php?rest_route=\/wp\/v2\/media\/34339"}],"wp:attachment":[{"href":"https:\/\/elcronistadigital.com\/index.php?rest_route=%2Fwp%2Fv2%2Fmedia&parent=34338"}],"wp:term":[{"taxonomy":"category","embeddable":true,"href":"https:\/\/elcronistadigital.com\/index.php?rest_route=%2Fwp%2Fv2%2Fcategories&post=34338"},{"taxonomy":"post_tag","embeddable":true,"href":"https:\/\/elcronistadigital.com\/index.php?rest_route=%2Fwp%2Fv2%2Ftags&post=34338"}],"curies":[{"name":"wp","href":"https:\/\/api.w.org\/{rel}","templated":true}]}}