{"id":34341,"date":"2014-08-11T17:54:45","date_gmt":"2014-08-11T23:54:45","guid":{"rendered":"http:\/\/elcronistadigital.com\/?p=34341"},"modified":"2014-08-11T17:54:45","modified_gmt":"2014-08-11T23:54:45","slug":"kkk-pide-disparar-contra-ninos-migrantes","status":"publish","type":"post","link":"https:\/\/elcronistadigital.com\/?p=34341","title":{"rendered":"KKK pide disparar contra ni\u00f1os migrantes"},"content":{"rendered":"<p><a href=\"https:\/\/elcronistadigital.com\/?attachment_id=34342\" rel=\"attachment wp-att-34342\"><img loading=\"lazy\" decoding=\"async\" class=\"alignleft size-full wp-image-34342\" alt=\"kkk y ni\u00f1a\" src=\"https:\/\/elcronistadigital.com\/wp-content\/uploads\/2014\/08\/kkk-y-ni\u00f1a.jpg\" width=\"567\" height=\"166\" srcset=\"https:\/\/elcronistadigital.com\/wp-content\/uploads\/2014\/08\/kkk-y-ni\u00f1a.jpg 567w, https:\/\/elcronistadigital.com\/wp-content\/uploads\/2014\/08\/kkk-y-ni\u00f1a-300x87.jpg 300w, https:\/\/elcronistadigital.com\/wp-content\/uploads\/2014\/08\/kkk-y-ni\u00f1a-342x100.jpg 342w\" sizes=\"auto, (max-width: 567px) 100vw, 567px\" \/><\/a>Uno de los grupos de odio m\u00e1s antiguos y famosos de los Estados Unidos, el Ku Klux Klan, pidi\u00f3 a la Patrulla Fronteriza \u201cdisparar a los ni\u00f1os indocumentados\u201d que cruzan la frontera, de acuerdo con una entrevista publicada por el periodista Robert Ray de Al-Jazeera Latina.<\/p>\n<p>La informaci\u00f3n ha sido difundida por otros muchos medios tanto de Estados Unidos como europeos.<\/p>\n<p>El periodista se reuni\u00f3 con dos miembros del Klan en Pelham, Carolina del Norte. Despu\u00e9s de la reuni\u00f3n en un estacionamiento, los dos hombres, que llevaban ropas blancas y capucha caracter\u00edstica de esta organizaci\u00f3n de blancos racistas, pidieron al reportero y su camar\u00f3grafo que los siguieran. La entrevista se realiz\u00f3 en un camino rural desolado.<\/p>\n<p>\u201cPara m\u00ed, que est\u00e1n violando la ley cuando vienen aqu\u00ed\u201d, dijo uno de los hombres, que se identific\u00f3 como Robert Jones.<\/p>\n<p>\u201cSi no podemos regresarlos, podr\u00edamos hacer estallar un par de ellos y dejar los cad\u00e1veres en la frontera, y quiz\u00e1s entonces nos crean que estamos serios en detener la inmigraci\u00f3n\u201d, agreg\u00f3. \u201cSi no, van a continuar viniendo y viniendo y quebrantando la ley\u201d.<\/p>\n<p>Por su parte, Fox News dice que el Ku Klux Klan no est\u00e1 simplemente dedicado a los ni\u00f1os migrantes: han comenzado a utilizar la crisis de la inmigraci\u00f3n como medio de reclutamiento de nuevos miembros.<\/p>\n<p>Fox News Latino dijo que los grupos en Carolina del Sur han estado utilizando un lema para atraer a nuevos miembros: \u201cSalvemos nuestra tierra, \u00fanete al Klan\u201d.<\/p>\n<p>La televisora dice que los miembros del Klan distribuyen una bolsa con un n\u00famero de tel\u00e9fono, un Hotline Klan que conduce a otro mensaje que dice: \u201cSe un hombre, \u00fanete al Klan. La inmigraci\u00f3n ilegal est\u00e1 destruyendo Am\u00e9rica [Estados Unidos]\u201d.<\/p>\n<p>El 31 de julio pasado se dio a conocer que la milicia armada Patriots (Patriotas) que vigila la frontera de Texas con M\u00e9xico anunci\u00f3 la realizaci\u00f3n de un convoy para reclutar miembros.<\/p>\n<p>De acuerdo con Juliana Henao, periodista de El Diario de El Paso, la idea del evento local de la red de vigilantes fronterizos, que cuenta con diez grupos activos en el estado incluyendo \u00e1reas de este Condado, es \u201creclutar voluntarios y concientizar a la poblaci\u00f3n de la importancia de su presencia\u201d.<\/p>\n<p>\u201cCon el convoy queremos que la comunidad en varias ciudades, desde California hasta McAllen, se informe de lo que hacemos, las razones por las cuales lo hacemos y la colaboraci\u00f3n que se necesita\u201d, a\u00f1adi\u00f3 Rogers.<\/p>\n<p>La caravana que se realizar\u00e1 en El Paso es parte de una gira que empez\u00f3 el 2 de agosto en Murrieta, California y culminar\u00e1 en McCallen, Texas, el ocho del mismo mes.<\/p>\n","protected":false},"excerpt":{"rendered":"<p>Uno de los grupos de odio m\u00e1s antiguos y famosos de los Estados Unidos, el Ku Klux Klan, pidi\u00f3 a la Patrulla Fronteriza \u201cdisparar a los ni\u00f1os indocumentados\u201d que cruzan la frontera, de acuerdo con una entrevista publicada por el periodista Robert Ray de Al-Jazeera Latina. La informaci\u00f3n ha sido difundida por otros muchos medios [&hellip;]<\/p>\n","protected":false},"author":1,"featured_media":34342,"comment_status":"open","ping_status":"open","sticky":false,"template":"","format":"standard","meta":{"om_disable_all_campaigns":false,"_monsterinsights_skip_tracking":false,"_monsterinsights_sitenote_active":false,"_monsterinsights_sitenote_note":"","_monsterinsights_sitenote_category":0,"footnotes":""},"categories":[5],"tags":[],"class_list":["post-34341","post","type-post","status-publish","format-standard","has-post-thumbnail","hentry","category-mundo"],"aioseo_notices":[],"_links":{"self":[{"href":"https:\/\/elcronistadigital.com\/index.php?rest_route=\/wp\/v2\/posts\/34341","targetHints":{"allow":["GET"]}}],"collection":[{"href":"https:\/\/elcronistadigital.com\/index.php?rest_route=\/wp\/v2\/posts"}],"about":[{"href":"https:\/\/elcronistadigital.com\/index.php?rest_route=\/wp\/v2\/types\/post"}],"author":[{"embeddable":true,"href":"https:\/\/elcronistadigital.com\/index.php?rest_route=\/wp\/v2\/users\/1"}],"replies":[{"embeddable":true,"href":"https:\/\/elcronistadigital.com\/index.php?rest_route=%2Fwp%2Fv2%2Fcomments&post=34341"}],"version-history":[{"count":1,"href":"https:\/\/elcronistadigital.com\/index.php?rest_route=\/wp\/v2\/posts\/34341\/revisions"}],"predecessor-version":[{"id":34343,"href":"https:\/\/elcronistadigital.com\/index.php?rest_route=\/wp\/v2\/posts\/34341\/revisions\/34343"}],"wp:featuredmedia":[{"embeddable":true,"href":"https:\/\/elcronistadigital.com\/index.php?rest_route=\/wp\/v2\/media\/34342"}],"wp:attachment":[{"href":"https:\/\/elcronistadigital.com\/index.php?rest_route=%2Fwp%2Fv2%2Fmedia&parent=34341"}],"wp:term":[{"taxonomy":"category","embeddable":true,"href":"https:\/\/elcronistadigital.com\/index.php?rest_route=%2Fwp%2Fv2%2Fcategories&post=34341"},{"taxonomy":"post_tag","embeddable":true,"href":"https:\/\/elcronistadigital.com\/index.php?rest_route=%2Fwp%2Fv2%2Ftags&post=34341"}],"curies":[{"name":"wp","href":"https:\/\/api.w.org\/{rel}","templated":true}]}}