{"id":34351,"date":"2014-08-12T08:01:07","date_gmt":"2014-08-12T14:01:07","guid":{"rendered":"http:\/\/elcronistadigital.com\/?p=34351"},"modified":"2014-08-12T08:01:07","modified_gmt":"2014-08-12T14:01:07","slug":"reparten-mas-comida-por-canicula","status":"publish","type":"post","link":"https:\/\/elcronistadigital.com\/?p=34351","title":{"rendered":"Reparten m\u00e1s comida por can\u00edcula"},"content":{"rendered":"<p><a href=\"https:\/\/elcronistadigital.com\/?attachment_id=34352\" rel=\"attachment wp-att-34352\"><img loading=\"lazy\" decoding=\"async\" class=\"alignleft size-medium wp-image-34352\" alt=\"paquetes\" src=\"https:\/\/elcronistadigital.com\/wp-content\/uploads\/2014\/08\/paquetes-300x178.jpg\" width=\"300\" height=\"178\" srcset=\"https:\/\/elcronistadigital.com\/wp-content\/uploads\/2014\/08\/paquetes-300x178.jpg 300w, https:\/\/elcronistadigital.com\/wp-content\/uploads\/2014\/08\/paquetes-342x203.jpg 342w, https:\/\/elcronistadigital.com\/wp-content\/uploads\/2014\/08\/paquetes.jpg 500w\" sizes=\"auto, (max-width: 300px) 100vw, 300px\" \/><\/a>El gobierno de Nicaragua anunci\u00f3 que ha ampliado los paquetes alimentarios en el denominado \u201ccorredor seco\u201d para el periodo canicular, que en nuestro pa\u00eds generalmente se presenta entre julio y agosto.<\/p>\n<p>Seg\u00fan la portavoz Rosario Murillo, en agosto dichos paquetes est\u00e1n llegando a m\u00e1s de 80 mil familias, de los que 30 mil se entregan cada mes a las madres de ca\u00eddos y v\u00edctimas de guerra y 10 mil que reparten en los municipios de Managua.<\/p>\n<p>Murillo dijo adem\u00e1s que a trav\u00e9s de diversas instituciones se est\u00e1n desarrollando investigaciones, entre ellas el Estudio Nacional del Impacto y Medidas de Adaptaci\u00f3n al Cambio Clim\u00e1tico por Sector: salud humana, sector agropecuario, forestal, recursos naturales, biodiversidad y energ\u00eda.<\/p>\n<p>\u201cEstamos haciendo el diagn\u00f3stico por sector, para el 30 de septiembre esperamos tener listo el Plan Nacional de Adaptaci\u00f3n a toda la variabilidad que nos impone el cambio clim\u00e1tico, con medidas para implementar a corto, mediano y largo plaza\u201d, asegur\u00f3.<\/p>\n<p>Agreg\u00f3 que adem\u00e1s se est\u00e1 dise\u00f1ando un nuevo Mapa de Suelos y Usos de la Tierra, el cual se pretende trabajar y entregar en septiembre de 2015, para contribuir a que se puedan desarrollar estrategias que permitan elevar la productividad del sector agropecuario.<\/p>\n<p>La primera dama inform\u00f3 que tambi\u00e9n se est\u00e1 estudiando la relaci\u00f3n que hay entre sequ\u00eda y sismicidad; \u201cnos hemos comprometido en llevarles a ustedes el pr\u00f3ximo mes un estudio completo con nuevos conocimientos sobre esta relaci\u00f3n, entre sismicidad y periodos de sequ\u00eda\u201d, ssotuvo.<\/p>\n<p>Refiri\u00f3 que adem\u00e1s, est\u00e1 pendiente el Plan Nacional Hidr\u00e1ulico, por lo que se ha pedido a los Medios (del Poder de las Familias y Comunidades) que hagan un trabajo sobre este plan que se elabora de forma especial desde el Ineter.<\/p>\n<p>\u201cHay diagn\u00f3sticos territoriales; informaci\u00f3n de la situaci\u00f3n actual de los recursos h\u00eddricos del pa\u00eds: r\u00edos, reservorios, pozos, entre otros; as\u00ed como la necesidad de normativas y adecuaci\u00f3n de pol\u00edticas y estrategias. El 30 de noviembre vamos a tener concluida una propuesta del Plan Nacional que vamos a presentar con obras, proyectos y acciones a realizarse tambi\u00e9n a corto, mediano y largo plazo\u201d; anunci\u00f3.<\/p>\n","protected":false},"excerpt":{"rendered":"<p>El gobierno de Nicaragua anunci\u00f3 que ha ampliado los paquetes alimentarios en el denominado \u201ccorredor seco\u201d para el periodo canicular, que en nuestro pa\u00eds generalmente se presenta entre julio y agosto. Seg\u00fan la portavoz Rosario Murillo, en agosto dichos paquetes est\u00e1n llegando a m\u00e1s de 80 mil familias, de los que 30 mil se entregan [&hellip;]<\/p>\n","protected":false},"author":1,"featured_media":34352,"comment_status":"open","ping_status":"open","sticky":false,"template":"","format":"standard","meta":{"om_disable_all_campaigns":false,"_monsterinsights_skip_tracking":false,"_monsterinsights_sitenote_active":false,"_monsterinsights_sitenote_note":"","_monsterinsights_sitenote_category":0,"footnotes":""},"categories":[3],"tags":[],"class_list":["post-34351","post","type-post","status-publish","format-standard","has-post-thumbnail","hentry","category-nacionales"],"aioseo_notices":[],"_links":{"self":[{"href":"https:\/\/elcronistadigital.com\/index.php?rest_route=\/wp\/v2\/posts\/34351","targetHints":{"allow":["GET"]}}],"collection":[{"href":"https:\/\/elcronistadigital.com\/index.php?rest_route=\/wp\/v2\/posts"}],"about":[{"href":"https:\/\/elcronistadigital.com\/index.php?rest_route=\/wp\/v2\/types\/post"}],"author":[{"embeddable":true,"href":"https:\/\/elcronistadigital.com\/index.php?rest_route=\/wp\/v2\/users\/1"}],"replies":[{"embeddable":true,"href":"https:\/\/elcronistadigital.com\/index.php?rest_route=%2Fwp%2Fv2%2Fcomments&post=34351"}],"version-history":[{"count":1,"href":"https:\/\/elcronistadigital.com\/index.php?rest_route=\/wp\/v2\/posts\/34351\/revisions"}],"predecessor-version":[{"id":34353,"href":"https:\/\/elcronistadigital.com\/index.php?rest_route=\/wp\/v2\/posts\/34351\/revisions\/34353"}],"wp:featuredmedia":[{"embeddable":true,"href":"https:\/\/elcronistadigital.com\/index.php?rest_route=\/wp\/v2\/media\/34352"}],"wp:attachment":[{"href":"https:\/\/elcronistadigital.com\/index.php?rest_route=%2Fwp%2Fv2%2Fmedia&parent=34351"}],"wp:term":[{"taxonomy":"category","embeddable":true,"href":"https:\/\/elcronistadigital.com\/index.php?rest_route=%2Fwp%2Fv2%2Fcategories&post=34351"},{"taxonomy":"post_tag","embeddable":true,"href":"https:\/\/elcronistadigital.com\/index.php?rest_route=%2Fwp%2Fv2%2Ftags&post=34351"}],"curies":[{"name":"wp","href":"https:\/\/api.w.org\/{rel}","templated":true}]}}