{"id":34357,"date":"2014-08-12T17:55:12","date_gmt":"2014-08-12T23:55:12","guid":{"rendered":"http:\/\/elcronistadigital.com\/?p=34357"},"modified":"2014-08-12T17:55:12","modified_gmt":"2014-08-12T23:55:12","slug":"sobreviven-con-alimento-para-animales","status":"publish","type":"post","link":"https:\/\/elcronistadigital.com\/?p=34357","title":{"rendered":"Sobreviven con alimento para animales"},"content":{"rendered":"<div id=\"attachment_34358\" style=\"width: 410px\" class=\"wp-caption alignleft\"><a href=\"https:\/\/elcronistadigital.com\/?attachment_id=34358\" rel=\"attachment wp-att-34358\"><img loading=\"lazy\" decoding=\"async\" aria-describedby=\"caption-attachment-34358\" class=\"size-full wp-image-34358\" alt=\"El maicillo que est\u00e1n consumiendo en algunas comunidades de Nicaragua debido a la sequ\u00eda.\" src=\"https:\/\/elcronistadigital.com\/wp-content\/uploads\/2014\/08\/maicillo1.jpg\" width=\"400\" height=\"214\" srcset=\"https:\/\/elcronistadigital.com\/wp-content\/uploads\/2014\/08\/maicillo1.jpg 400w, https:\/\/elcronistadigital.com\/wp-content\/uploads\/2014\/08\/maicillo1-300x160.jpg 300w, https:\/\/elcronistadigital.com\/wp-content\/uploads\/2014\/08\/maicillo1-342x182.jpg 342w\" sizes=\"auto, (max-width: 400px) 100vw, 400px\" \/><\/a><p id=\"caption-attachment-34358\" class=\"wp-caption-text\">El maicillo que est\u00e1n consumiendo en algunas comunidades de Nicaragua debido a la sequ\u00eda.<\/p><\/div>\n<p>En San Jos\u00e9 de Cusmapa, Madriz, no solo se est\u00e1n muriendo las vacas por culpa de la sequ\u00eda, sino tambi\u00e9n las aves de corral, y ante la falta de alimentos, los pobladores est\u00e1n comiendo \u201cmaicillo\u201d, una variedad de ma\u00edz silvestre que antes daban como afrecho a sus animales.<\/p>\n<p>En un corto reportaje realizado por la televisora CB24, campesinos del lugar indicaron que analizan la perspectiva de emigrar hacia otros pa\u00edses debido a que la ausencia de lluvias ha convertido en miserable la dura vida que llevaban.<\/p>\n<p>\u201cEl maicillito lo estamos consumiendo nosotros, antes lo ocup\u00e1bamos para las gallinas, y a veces para el chanchito\u2026 ahorita lo estamos usando para el consumo de nosotros cuando lo hallamos, pues y con esta sequ\u00eda este a\u00f1o quien sabe si va a haber\u2026\u201d, se\u00f1ala un se\u00f1or de apellido L\u00f3pez, jefe de una familia campesina.<\/p>\n<p>Una hija de este hombre de campo confirma que est\u00e1n usando lo que hasta hace poco era comida de animales y se\u00f1ala aunque \u201ctiene un sabor diferente\u201d al que ellos llaman \u201cma\u00edz grueso\u201d, pero ante las necesidades\u2026\u201d.<\/p>\n<p>Otro campesino asegura que el comer maicillo es una obligaci\u00f3n para matar el hambre y ante la situaci\u00f3n en que se encuentran, tienen que sobrevivir.<\/p>\n<div id=\"attachment_34359\" style=\"width: 558px\" class=\"wp-caption alignright\"><a href=\"https:\/\/elcronistadigital.com\/?attachment_id=34359\" rel=\"attachment wp-att-34359\"><img loading=\"lazy\" decoding=\"async\" aria-describedby=\"caption-attachment-34359\" class=\"size-full wp-image-34359\" alt=\"Un ni\u00f1o de Madriz observa la osamenta de una vaca que muri\u00f3 por la sequ\u00eda.\" src=\"https:\/\/elcronistadigital.com\/wp-content\/uploads\/2014\/08\/vaca-muerta.jpg\" width=\"548\" height=\"283\" srcset=\"https:\/\/elcronistadigital.com\/wp-content\/uploads\/2014\/08\/vaca-muerta.jpg 548w, https:\/\/elcronistadigital.com\/wp-content\/uploads\/2014\/08\/vaca-muerta-300x154.jpg 300w, https:\/\/elcronistadigital.com\/wp-content\/uploads\/2014\/08\/vaca-muerta-342x176.jpg 342w\" sizes=\"auto, (max-width: 548px) 100vw, 548px\" \/><\/a><p id=\"caption-attachment-34359\" class=\"wp-caption-text\">Un ni\u00f1o de Madriz observa la osamenta de una vaca que muri\u00f3 por la sequ\u00eda.<\/p><\/div>\n<p>\u201cNo tenemos alimentos en las casas, es cierto que algunos cosechamos algunos alimentos pero eso ya se nos termin\u00f3\u201d, dice una se\u00f1ora, lo que es ratificado por otros pobladores que aseguran que est\u00e1n recurriendo al maicillo porque se tuvieron que comer sus reservas de granos debido a que las cosechas no prosperaron.<\/p>\n<p>En Madriz reportan 425 reses muertas debido a la sequ\u00eda, que ha afectado tambi\u00e9n a las gallinas, muchas de las cuales han sucumbido por enfermedades.<\/p>\n<p>La gente se aferra a la esperanza de que llueva durante la cosecha de postrera que finalizar\u00e1 en noviembre, pero es dif\u00edcil borrar de sus rostros la incertidumbre, pues saben que no hay certeza de que as\u00ed sea.<\/p>\n<p>\u201cSi sigue as\u00ed, solo Dios sabe lo que va a pasar despu\u00e9s, a buscar emigrar hacia otros pa\u00edses para poder mantener la familia\u201d, dice el se\u00f1or L\u00f3pez.<\/p>\n","protected":false},"excerpt":{"rendered":"<p>En San Jos\u00e9 de Cusmapa, Madriz, no solo se est\u00e1n muriendo las vacas por culpa de la sequ\u00eda, sino tambi\u00e9n las aves de corral, y ante la falta de alimentos, los pobladores est\u00e1n comiendo \u201cmaicillo\u201d, una variedad de ma\u00edz silvestre que antes daban como afrecho a sus animales. En un corto reportaje realizado por la [&hellip;]<\/p>\n","protected":false},"author":1,"featured_media":34358,"comment_status":"open","ping_status":"open","sticky":false,"template":"","format":"standard","meta":{"om_disable_all_campaigns":false,"_monsterinsights_skip_tracking":false,"_monsterinsights_sitenote_active":false,"_monsterinsights_sitenote_note":"","_monsterinsights_sitenote_category":0,"footnotes":""},"categories":[3524,13],"tags":[],"class_list":["post-34357","post","type-post","status-publish","format-standard","has-post-thumbnail","hentry","category-noticas","category-portada"],"aioseo_notices":[],"_links":{"self":[{"href":"https:\/\/elcronistadigital.com\/index.php?rest_route=\/wp\/v2\/posts\/34357","targetHints":{"allow":["GET"]}}],"collection":[{"href":"https:\/\/elcronistadigital.com\/index.php?rest_route=\/wp\/v2\/posts"}],"about":[{"href":"https:\/\/elcronistadigital.com\/index.php?rest_route=\/wp\/v2\/types\/post"}],"author":[{"embeddable":true,"href":"https:\/\/elcronistadigital.com\/index.php?rest_route=\/wp\/v2\/users\/1"}],"replies":[{"embeddable":true,"href":"https:\/\/elcronistadigital.com\/index.php?rest_route=%2Fwp%2Fv2%2Fcomments&post=34357"}],"version-history":[{"count":1,"href":"https:\/\/elcronistadigital.com\/index.php?rest_route=\/wp\/v2\/posts\/34357\/revisions"}],"predecessor-version":[{"id":34360,"href":"https:\/\/elcronistadigital.com\/index.php?rest_route=\/wp\/v2\/posts\/34357\/revisions\/34360"}],"wp:featuredmedia":[{"embeddable":true,"href":"https:\/\/elcronistadigital.com\/index.php?rest_route=\/wp\/v2\/media\/34358"}],"wp:attachment":[{"href":"https:\/\/elcronistadigital.com\/index.php?rest_route=%2Fwp%2Fv2%2Fmedia&parent=34357"}],"wp:term":[{"taxonomy":"category","embeddable":true,"href":"https:\/\/elcronistadigital.com\/index.php?rest_route=%2Fwp%2Fv2%2Fcategories&post=34357"},{"taxonomy":"post_tag","embeddable":true,"href":"https:\/\/elcronistadigital.com\/index.php?rest_route=%2Fwp%2Fv2%2Ftags&post=34357"}],"curies":[{"name":"wp","href":"https:\/\/api.w.org\/{rel}","templated":true}]}}