{"id":34364,"date":"2014-08-12T18:30:16","date_gmt":"2014-08-13T00:30:16","guid":{"rendered":"http:\/\/elcronistadigital.com\/?p=34364"},"modified":"2014-08-12T18:30:16","modified_gmt":"2014-08-13T00:30:16","slug":"fotos-y-grabados-de-taiwan-en-masaya","status":"publish","type":"post","link":"https:\/\/elcronistadigital.com\/?p=34364","title":{"rendered":"Fotos y grabados de Taiw\u00e1n en Masaya"},"content":{"rendered":"<p><a href=\"https:\/\/elcronistadigital.com\/?attachment_id=34365\" rel=\"attachment wp-att-34365\"><img loading=\"lazy\" decoding=\"async\" class=\"alignleft size-medium wp-image-34365\" alt=\"fotos y grabados\" src=\"https:\/\/elcronistadigital.com\/wp-content\/uploads\/2014\/08\/fotos-y-grabados-300x225.jpg\" width=\"300\" height=\"225\" srcset=\"https:\/\/elcronistadigital.com\/wp-content\/uploads\/2014\/08\/fotos-y-grabados-300x225.jpg 300w, https:\/\/elcronistadigital.com\/wp-content\/uploads\/2014\/08\/fotos-y-grabados-342x256.jpg 342w, https:\/\/elcronistadigital.com\/wp-content\/uploads\/2014\/08\/fotos-y-grabados-60x45.jpg 60w, https:\/\/elcronistadigital.com\/wp-content\/uploads\/2014\/08\/fotos-y-grabados-150x113.jpg 150w, https:\/\/elcronistadigital.com\/wp-content\/uploads\/2014\/08\/fotos-y-grabados-269x201.jpg 269w, https:\/\/elcronistadigital.com\/wp-content\/uploads\/2014\/08\/fotos-y-grabados.jpg 665w\" sizes=\"auto, (max-width: 300px) 100vw, 300px\" \/><\/a>A trav\u00e9s de la belleza cultural, natural, arquitect\u00f3nica y de un entretenido e ilustrativo recorrido por la historia, es posible conectar a las personas de todo el mundo, y es lo que se ha dado en la cuna del folclore nicarag\u00fcense, la ciudad de Masaya, donde se ha inaugurado con gran \u00e9xito la exposici\u00f3n de Fotograf\u00edas y Grabados Taiwaneses.<\/p>\n<p>Esta actividad est\u00e1 enmarcada en el fortalecimiento de los lazos de amistad que unen a estas dos hermanas naciones. La inauguraci\u00f3n de la exposici\u00f3n estuvo a cargo de la embajadora de la Rep\u00fablica de China (Taiw\u00e1n) Sra. Ingrid Hsing; el alcalde de la Ciudad de Masaya Ing. Orlando Noguera y el director de la Casa de Cultural \u201cAlejandro Vega Matus\u201d de Masaya, Eliseo Ram\u00edrez<\/p>\n<p>Hsing expres\u00f3 una inmensa alegr\u00eda por estar en esta tierra donde se respira cultura y tradici\u00f3n.<\/p>\n<p>\u201cEs por ello que esta exposici\u00f3n nos permitir\u00e1 reforzar a\u00fan m\u00e1s nuestra amistad, pues a trav\u00e9s de la cultura y del arte podemos entrelazar nuestros dos mundos.<\/p>\n<p>\u201cPor medio de esta exposici\u00f3n cultural e hist\u00f3rica, deseamos brindarles a todos los ciudadanos de esta hermosa ciudad, la oportunidad de conocer una poco de la milenaria cultura china. Estas obras no solo nos dan una visi\u00f3n de la cultura, sino tambi\u00e9n de la formaci\u00f3n de la Rep\u00fablica de China, de sus pasos para convertirse en la primera naci\u00f3n democr\u00e1tica de Asia\u201d, se\u00f1al\u00f3.<\/p>\n<p>Por su parte, Noguera mostr\u00f3 su inmenso agradecimiento en nombre de la alcald\u00eda de Masaya al pueblo de Taiw\u00e1n, por haber escogido a la Ciudad de las Flores para celebrar esta magna exposici\u00f3n.<\/p>\n<p>La exposici\u00f3n estar\u00e1 abierta al p\u00fablico del 11 al 16 de agosto, de 9:00 am a 5:00 pm en la Casa de Cultura de Masaya. Tambi\u00e9n se estar\u00e1 presentando un ciclo de cine taiwan\u00e9s en la Casa de Cultura a partir de las 5 de la tarde.<\/p>\n","protected":false},"excerpt":{"rendered":"<p>A trav\u00e9s de la belleza cultural, natural, arquitect\u00f3nica y de un entretenido e ilustrativo recorrido por la historia, es posible conectar a las personas de todo el mundo, y es lo que se ha dado en la cuna del folclore nicarag\u00fcense, la ciudad de Masaya, donde se ha inaugurado con gran \u00e9xito la exposici\u00f3n de [&hellip;]<\/p>\n","protected":false},"author":1,"featured_media":34365,"comment_status":"open","ping_status":"open","sticky":false,"template":"","format":"standard","meta":{"om_disable_all_campaigns":false,"_monsterinsights_skip_tracking":false,"_monsterinsights_sitenote_active":false,"_monsterinsights_sitenote_note":"","_monsterinsights_sitenote_category":0,"footnotes":""},"categories":[3,10],"tags":[],"class_list":["post-34364","post","type-post","status-publish","format-standard","has-post-thumbnail","hentry","category-nacionales","category-cultura"],"aioseo_notices":[],"_links":{"self":[{"href":"https:\/\/elcronistadigital.com\/index.php?rest_route=\/wp\/v2\/posts\/34364","targetHints":{"allow":["GET"]}}],"collection":[{"href":"https:\/\/elcronistadigital.com\/index.php?rest_route=\/wp\/v2\/posts"}],"about":[{"href":"https:\/\/elcronistadigital.com\/index.php?rest_route=\/wp\/v2\/types\/post"}],"author":[{"embeddable":true,"href":"https:\/\/elcronistadigital.com\/index.php?rest_route=\/wp\/v2\/users\/1"}],"replies":[{"embeddable":true,"href":"https:\/\/elcronistadigital.com\/index.php?rest_route=%2Fwp%2Fv2%2Fcomments&post=34364"}],"version-history":[{"count":1,"href":"https:\/\/elcronistadigital.com\/index.php?rest_route=\/wp\/v2\/posts\/34364\/revisions"}],"predecessor-version":[{"id":34366,"href":"https:\/\/elcronistadigital.com\/index.php?rest_route=\/wp\/v2\/posts\/34364\/revisions\/34366"}],"wp:featuredmedia":[{"embeddable":true,"href":"https:\/\/elcronistadigital.com\/index.php?rest_route=\/wp\/v2\/media\/34365"}],"wp:attachment":[{"href":"https:\/\/elcronistadigital.com\/index.php?rest_route=%2Fwp%2Fv2%2Fmedia&parent=34364"}],"wp:term":[{"taxonomy":"category","embeddable":true,"href":"https:\/\/elcronistadigital.com\/index.php?rest_route=%2Fwp%2Fv2%2Fcategories&post=34364"},{"taxonomy":"post_tag","embeddable":true,"href":"https:\/\/elcronistadigital.com\/index.php?rest_route=%2Fwp%2Fv2%2Ftags&post=34364"}],"curies":[{"name":"wp","href":"https:\/\/api.w.org\/{rel}","templated":true}]}}