{"id":34367,"date":"2014-08-12T18:43:02","date_gmt":"2014-08-13T00:43:02","guid":{"rendered":"http:\/\/elcronistadigital.com\/?p=34367"},"modified":"2014-08-12T18:43:02","modified_gmt":"2014-08-13T00:43:02","slug":"peligran-30-mil-empleos-en-zonas-francas","status":"publish","type":"post","link":"https:\/\/elcronistadigital.com\/?p=34367","title":{"rendered":"Peligran 30 mil empleos en zonas francas"},"content":{"rendered":"<p><a href=\"https:\/\/elcronistadigital.com\/?attachment_id=34368\" rel=\"attachment wp-att-34368\"><img loading=\"lazy\" decoding=\"async\" class=\"alignleft size-medium wp-image-34368\" alt=\"zona-franca-nicaragua-6\" src=\"https:\/\/elcronistadigital.com\/wp-content\/uploads\/2014\/08\/zona-franca-nicaragua-6-300x184.jpg\" width=\"300\" height=\"184\" srcset=\"https:\/\/elcronistadigital.com\/wp-content\/uploads\/2014\/08\/zona-franca-nicaragua-6-300x184.jpg 300w, https:\/\/elcronistadigital.com\/wp-content\/uploads\/2014\/08\/zona-franca-nicaragua-6-342x210.jpg 342w, https:\/\/elcronistadigital.com\/wp-content\/uploads\/2014\/08\/zona-franca-nicaragua-6.jpg 500w\" sizes=\"auto, (max-width: 300px) 100vw, 300px\" \/><\/a>Unos 30 mil empleos de la industria textil de las zonas francas en Nicaragua, podr\u00edan perderse si Estados Unidos no ampl\u00eda el R\u00e9gimen Arancelario Preferencial (TPL en ingl\u00e9s) que concedi\u00f3 al pa\u00eds en 2006 y que expira a finales de este a\u00f1o.<\/p>\n<p>La suspensi\u00f3n definitiva de la medida podr\u00eda lanzar a \u00abla calle a 30.000 trabajadores\u00bb de las f\u00e1bricas de textiles y confecci\u00f3n, afirm\u00f3 el presidente del Banco Central de Nicaragua (BCN), Ovidio Reyes, tras reunirse con la C\u00e1mara de Comercio Americana (AmCham) para analizar el tema y coordinar un plan de comercio e inversi\u00f3n.<\/p>\n<p>El TPL es un tratamiento arancelario especial que las empresas de textil y confecci\u00f3n de Nicaragua reciben desde 2006, en el marco del Tratado de Libre Comercio existente entre Estados Unidos, Centroam\u00e9rica y Rep\u00fablica Dominicana, conocido como DR-Cafta, seg\u00fan inform\u00f3 Afp.<\/p>\n<p>El gobierno del presidente Daniel Ortega gestiona con Washington, desde hace meses, la extensi\u00f3n del TPL que vence el pr\u00f3ximo 31 de diciembre y que beneficia a las empresas textileras que operan en las zonas francas.<\/p>\n<p>\u00abNosotros creemos que las cosas tienen que ser graduales, que tienen que ir produci\u00e9ndose con tiempo\u00bb, dijo el funcionario en alusi\u00f3n a la medida.<\/p>\n<p>El TPL permite a la industria textil de la zona franca nicarag\u00fcense exportar a Estados Unidos, libre de impuestos, prendas de vestir elaboradas con telas o hilazas no originarias de los pa\u00edses firmantes del DR-Cafta.<\/p>\n<p>En Nicaragua las f\u00e1bricas de textiles operan \u00fanicamente en los parques industriales de zonas francas, un sector pujante que ofrece 108.000 empleos, en un pa\u00eds donde casi la mitad de los 6,1 millones de habitantes vive en la pobreza.<\/p>\n","protected":false},"excerpt":{"rendered":"<p>Unos 30 mil empleos de la industria textil de las zonas francas en Nicaragua, podr\u00edan perderse si Estados Unidos no ampl\u00eda el R\u00e9gimen Arancelario Preferencial (TPL en ingl\u00e9s) que concedi\u00f3 al pa\u00eds en 2006 y que expira a finales de este a\u00f1o. La suspensi\u00f3n definitiva de la medida podr\u00eda lanzar a \u00abla calle a 30.000 [&hellip;]<\/p>\n","protected":false},"author":1,"featured_media":34368,"comment_status":"open","ping_status":"open","sticky":false,"template":"","format":"standard","meta":{"om_disable_all_campaigns":false,"_monsterinsights_skip_tracking":false,"_monsterinsights_sitenote_active":false,"_monsterinsights_sitenote_note":"","_monsterinsights_sitenote_category":0,"footnotes":""},"categories":[3524,13],"tags":[],"class_list":["post-34367","post","type-post","status-publish","format-standard","has-post-thumbnail","hentry","category-noticas","category-portada"],"aioseo_notices":[],"_links":{"self":[{"href":"https:\/\/elcronistadigital.com\/index.php?rest_route=\/wp\/v2\/posts\/34367","targetHints":{"allow":["GET"]}}],"collection":[{"href":"https:\/\/elcronistadigital.com\/index.php?rest_route=\/wp\/v2\/posts"}],"about":[{"href":"https:\/\/elcronistadigital.com\/index.php?rest_route=\/wp\/v2\/types\/post"}],"author":[{"embeddable":true,"href":"https:\/\/elcronistadigital.com\/index.php?rest_route=\/wp\/v2\/users\/1"}],"replies":[{"embeddable":true,"href":"https:\/\/elcronistadigital.com\/index.php?rest_route=%2Fwp%2Fv2%2Fcomments&post=34367"}],"version-history":[{"count":1,"href":"https:\/\/elcronistadigital.com\/index.php?rest_route=\/wp\/v2\/posts\/34367\/revisions"}],"predecessor-version":[{"id":34369,"href":"https:\/\/elcronistadigital.com\/index.php?rest_route=\/wp\/v2\/posts\/34367\/revisions\/34369"}],"wp:featuredmedia":[{"embeddable":true,"href":"https:\/\/elcronistadigital.com\/index.php?rest_route=\/wp\/v2\/media\/34368"}],"wp:attachment":[{"href":"https:\/\/elcronistadigital.com\/index.php?rest_route=%2Fwp%2Fv2%2Fmedia&parent=34367"}],"wp:term":[{"taxonomy":"category","embeddable":true,"href":"https:\/\/elcronistadigital.com\/index.php?rest_route=%2Fwp%2Fv2%2Fcategories&post=34367"},{"taxonomy":"post_tag","embeddable":true,"href":"https:\/\/elcronistadigital.com\/index.php?rest_route=%2Fwp%2Fv2%2Ftags&post=34367"}],"curies":[{"name":"wp","href":"https:\/\/api.w.org\/{rel}","templated":true}]}}