{"id":34373,"date":"2014-08-13T07:57:10","date_gmt":"2014-08-13T13:57:10","guid":{"rendered":"http:\/\/elcronistadigital.com\/?p=34373"},"modified":"2014-08-13T07:57:10","modified_gmt":"2014-08-13T13:57:10","slug":"asesinan-a-periodista-en-colombia","status":"publish","type":"post","link":"https:\/\/elcronistadigital.com\/?p=34373","title":{"rendered":"Asesinan a periodista en Colombia"},"content":{"rendered":"<p><a href=\"https:\/\/elcronistadigital.com\/?attachment_id=34374\" rel=\"attachment wp-att-34374\"><img loading=\"lazy\" decoding=\"async\" class=\"alignleft size-medium wp-image-34374\" alt=\"Luis Carlos\" src=\"https:\/\/elcronistadigital.com\/wp-content\/uploads\/2014\/08\/Luis-Carlos-300x168.jpg\" width=\"300\" height=\"168\" srcset=\"https:\/\/elcronistadigital.com\/wp-content\/uploads\/2014\/08\/Luis-Carlos-300x168.jpg 300w, https:\/\/elcronistadigital.com\/wp-content\/uploads\/2014\/08\/Luis-Carlos-342x191.jpg 342w, https:\/\/elcronistadigital.com\/wp-content\/uploads\/2014\/08\/Luis-Carlos.jpg 619w\" sizes=\"auto, (max-width: 300px) 100vw, 300px\" \/><\/a>* Hab\u00eda denunciado amenazas en contra de su vida porque denunci\u00f3 hechos de corrupci\u00f3n de algunos gobernantes de la regi\u00f3n del Bajo Cauca Antioque\u00f1o.<\/p>\n<p>Un periodista fue asesinado el martes por desconocidos en el noroeste de Colombia, solo tres semanas despu\u00e9s de que las autoridades le retiraron la protecci\u00f3n que ten\u00eda desde el 2012. El crimen, al parecer, fue cometido por bandas vinculadas con el narcotr\u00e1fico, informaron organizaciones de prensa.<\/p>\n<p>Luis Carlos Cervantes, director de la emisora Morena FM, fue atacado a tiros por tres hombres que lo interceptaron cuando se desplazaba como pasajero en una motocicleta por una calle del municipio de Taraz\u00e1, en el departamento de Antioquia, dijo el comandante regional de la polic\u00eda, coronel Gustavo Chavarro.<\/p>\n<p>Cervantes, quien trabajaba poniendo m\u00fasica, hab\u00eda recibido amenazas de muerte desde el 2010, inform\u00f3 la ONG Fundaci\u00f3n para la Libertad de Prensa (FLIP).<\/p>\n<p>Un grupo de detectives comenz\u00f3 la investigaci\u00f3n y se est\u00e1 evaluando el ofrecimiento de una recompensa para tratar de ubicar a los homicidas, indic\u00f3 Chavarro.<\/p>\n<p>Adriana Hurtado, presidenta de la Federaci\u00f3n Colombiana de Periodistas (Fecolper), dijo por tel\u00e9fono a la AP que a Cervantes le fue retirada la protecci\u00f3n el pasado 24 de julio, pese a que constantemente era objeto de hostigamientos y mensajes telef\u00f3nicos amenazantes.<\/p>\n<p>Hurtado record\u00f3 que desde el 2010 Cervantes hab\u00eda denunciado amenazas en contra de su vida porque hab\u00eda denunciado hechos de corrupci\u00f3n de algunos gobernantes de la regi\u00f3n del Bajo Cauca Antioque\u00f1o, donde est\u00e1 ubicada Taraz\u00e1.<\/p>\n<p>La Unidad Nacional de Protecci\u00f3n del gobierno indic\u00f3 en un comunicado \u00abque seg\u00fan la informaci\u00f3n evidenciada en el estudio de riesgo, no hab\u00eda nexo causal entre las amenazas recibidas por el se\u00f1or Cervantes y su labor como periodista\u00bb.<\/p>\n<p>Agreg\u00f3 que Cervantes \u00abdesde hace m\u00e1s de un a\u00f1o no ejerc\u00eda el periodismo. Su trabajo en la emisora Morena FM consist\u00eda fundamentalmente en programaci\u00f3n musical\u00bb. Hurtado insisti\u00f3 en que Cervantes s\u00ed ejerc\u00eda como periodista.<\/p>\n<p>En lo que va del a\u00f1o, este es el primer caso de homicidio contra un periodista en Colombia.<\/p>\n","protected":false},"excerpt":{"rendered":"<p>* Hab\u00eda denunciado amenazas en contra de su vida porque denunci\u00f3 hechos de corrupci\u00f3n de algunos gobernantes de la regi\u00f3n del Bajo Cauca Antioque\u00f1o. Un periodista fue asesinado el martes por desconocidos en el noroeste de Colombia, solo tres semanas despu\u00e9s de que las autoridades le retiraron la protecci\u00f3n que ten\u00eda desde el 2012. El [&hellip;]<\/p>\n","protected":false},"author":1,"featured_media":34374,"comment_status":"open","ping_status":"open","sticky":false,"template":"","format":"standard","meta":{"om_disable_all_campaigns":false,"_monsterinsights_skip_tracking":false,"_monsterinsights_sitenote_active":false,"_monsterinsights_sitenote_note":"","_monsterinsights_sitenote_category":0,"footnotes":""},"categories":[5],"tags":[],"class_list":["post-34373","post","type-post","status-publish","format-standard","has-post-thumbnail","hentry","category-mundo"],"aioseo_notices":[],"_links":{"self":[{"href":"https:\/\/elcronistadigital.com\/index.php?rest_route=\/wp\/v2\/posts\/34373","targetHints":{"allow":["GET"]}}],"collection":[{"href":"https:\/\/elcronistadigital.com\/index.php?rest_route=\/wp\/v2\/posts"}],"about":[{"href":"https:\/\/elcronistadigital.com\/index.php?rest_route=\/wp\/v2\/types\/post"}],"author":[{"embeddable":true,"href":"https:\/\/elcronistadigital.com\/index.php?rest_route=\/wp\/v2\/users\/1"}],"replies":[{"embeddable":true,"href":"https:\/\/elcronistadigital.com\/index.php?rest_route=%2Fwp%2Fv2%2Fcomments&post=34373"}],"version-history":[{"count":1,"href":"https:\/\/elcronistadigital.com\/index.php?rest_route=\/wp\/v2\/posts\/34373\/revisions"}],"predecessor-version":[{"id":34375,"href":"https:\/\/elcronistadigital.com\/index.php?rest_route=\/wp\/v2\/posts\/34373\/revisions\/34375"}],"wp:featuredmedia":[{"embeddable":true,"href":"https:\/\/elcronistadigital.com\/index.php?rest_route=\/wp\/v2\/media\/34374"}],"wp:attachment":[{"href":"https:\/\/elcronistadigital.com\/index.php?rest_route=%2Fwp%2Fv2%2Fmedia&parent=34373"}],"wp:term":[{"taxonomy":"category","embeddable":true,"href":"https:\/\/elcronistadigital.com\/index.php?rest_route=%2Fwp%2Fv2%2Fcategories&post=34373"},{"taxonomy":"post_tag","embeddable":true,"href":"https:\/\/elcronistadigital.com\/index.php?rest_route=%2Fwp%2Fv2%2Ftags&post=34373"}],"curies":[{"name":"wp","href":"https:\/\/api.w.org\/{rel}","templated":true}]}}