{"id":34379,"date":"2014-08-13T10:11:40","date_gmt":"2014-08-13T16:11:40","guid":{"rendered":"http:\/\/elcronistadigital.com\/?p=34379"},"modified":"2014-08-13T10:11:40","modified_gmt":"2014-08-13T16:11:40","slug":"matan-con-ak-47-a-nica-en-costa-rica","status":"publish","type":"post","link":"https:\/\/elcronistadigital.com\/?p=34379","title":{"rendered":"Matan con AK-47 a nica en Costa Rica"},"content":{"rendered":"<div id=\"attachment_34380\" style=\"width: 310px\" class=\"wp-caption alignleft\"><a href=\"https:\/\/elcronistadigital.com\/?attachment_id=34380\" rel=\"attachment wp-att-34380\"><img loading=\"lazy\" decoding=\"async\" aria-describedby=\"caption-attachment-34380\" class=\"size-medium wp-image-34380\" alt=\"Lugar donde fue abatido el nicarag\u00fcense de 23 a\u00f1os en Lim\u00f3n, Costa Rica.\" src=\"https:\/\/elcronistadigital.com\/wp-content\/uploads\/2014\/08\/matan-a-nica-300x199.jpg\" width=\"300\" height=\"199\" srcset=\"https:\/\/elcronistadigital.com\/wp-content\/uploads\/2014\/08\/matan-a-nica-300x199.jpg 300w, https:\/\/elcronistadigital.com\/wp-content\/uploads\/2014\/08\/matan-a-nica-342x227.jpg 342w, https:\/\/elcronistadigital.com\/wp-content\/uploads\/2014\/08\/matan-a-nica.jpg 800w\" sizes=\"auto, (max-width: 300px) 100vw, 300px\" \/><\/a><p id=\"caption-attachment-34380\" class=\"wp-caption-text\">Lugar donde fue abatido el nicarag\u00fcense de 23 a\u00f1os en Lim\u00f3n, Costa Rica.<\/p><\/div>\n<p>Un nicarag\u00fcense de 23 a\u00f1os result\u00f3 muerto la noche del martes en Lim\u00f3n, Costa Rica, tras ser acribillado desde una motocicleta por dos individuos, uno de los cuales le atin\u00f3 al menos ocho balazos con un fusil AK-47.<\/p>\n<p>Seg\u00fan diarios ticos, el joven, de apellido Urbina, ten\u00eda antecedentes policiales y en junio de este a\u00f1o hab\u00eda sobrevivido con heridas de consideraci\u00f3n a otro atentado del que le hab\u00edan dado de alta hace poco en un hospital.<\/p>\n<p>El ataque ocurri\u00f3 a las 9:25 de la noche cerca de un supermercado de Bat\u00e1n, en el Cant\u00f3n de Matina, y el nicarag\u00fcense falleci\u00f3 minutos despu\u00e9s de ingresar a una cl\u00ednica de la localidad.<\/p>\n<p>De los m\u00faltiples balazos que le acertaron, dos fueron en la cabeza. De acuerdo con las autoridades, Urbina hab\u00eda salido hace escasos d\u00edas del hospital, luego de resultar herido de varios impactos con arma gruesa, en una balacera.<\/p>\n<p>William Garc\u00eda, subjefe de la Fuerza P\u00fablica de Matina, asegur\u00f3 que pese a que hab\u00eda una unidad cerca, cuando se produjeron los disparos, no fue posible ubicar a los sujetos que acribillaron al pinolero.<\/p>\n<p>El enfrentamiento donde hab\u00eda resultado herido Urbina, se remonta al 24 de junio pasado, dentro del bar Espiga de Oro, en el centro de Bat\u00e1n.<\/p>\n<p>Esa noche, dos sujetos que portaban armas de grueso calibre, dispararon contra varios clientes que estaban en el negocio.<\/p>\n<p>Los afectados fueron identificados como de apellidos Dur\u00e1n, Miranda, Urbina y Barquero, as\u00ed como dos mujeres de apellidos Fern\u00e1ndez y Hern\u00e1ndez.<\/p>\n","protected":false},"excerpt":{"rendered":"<p>Un nicarag\u00fcense de 23 a\u00f1os result\u00f3 muerto la noche del martes en Lim\u00f3n, Costa Rica, tras ser acribillado desde una motocicleta por dos individuos, uno de los cuales le atin\u00f3 al menos ocho balazos con un fusil AK-47. Seg\u00fan diarios ticos, el joven, de apellido Urbina, ten\u00eda antecedentes policiales y en junio de este a\u00f1o [&hellip;]<\/p>\n","protected":false},"author":1,"featured_media":34380,"comment_status":"open","ping_status":"open","sticky":false,"template":"","format":"standard","meta":{"om_disable_all_campaigns":false,"_monsterinsights_skip_tracking":false,"_monsterinsights_sitenote_active":false,"_monsterinsights_sitenote_note":"","_monsterinsights_sitenote_category":0,"footnotes":""},"categories":[3524],"tags":[],"class_list":["post-34379","post","type-post","status-publish","format-standard","has-post-thumbnail","hentry","category-noticas"],"aioseo_notices":[],"_links":{"self":[{"href":"https:\/\/elcronistadigital.com\/index.php?rest_route=\/wp\/v2\/posts\/34379","targetHints":{"allow":["GET"]}}],"collection":[{"href":"https:\/\/elcronistadigital.com\/index.php?rest_route=\/wp\/v2\/posts"}],"about":[{"href":"https:\/\/elcronistadigital.com\/index.php?rest_route=\/wp\/v2\/types\/post"}],"author":[{"embeddable":true,"href":"https:\/\/elcronistadigital.com\/index.php?rest_route=\/wp\/v2\/users\/1"}],"replies":[{"embeddable":true,"href":"https:\/\/elcronistadigital.com\/index.php?rest_route=%2Fwp%2Fv2%2Fcomments&post=34379"}],"version-history":[{"count":1,"href":"https:\/\/elcronistadigital.com\/index.php?rest_route=\/wp\/v2\/posts\/34379\/revisions"}],"predecessor-version":[{"id":34381,"href":"https:\/\/elcronistadigital.com\/index.php?rest_route=\/wp\/v2\/posts\/34379\/revisions\/34381"}],"wp:featuredmedia":[{"embeddable":true,"href":"https:\/\/elcronistadigital.com\/index.php?rest_route=\/wp\/v2\/media\/34380"}],"wp:attachment":[{"href":"https:\/\/elcronistadigital.com\/index.php?rest_route=%2Fwp%2Fv2%2Fmedia&parent=34379"}],"wp:term":[{"taxonomy":"category","embeddable":true,"href":"https:\/\/elcronistadigital.com\/index.php?rest_route=%2Fwp%2Fv2%2Fcategories&post=34379"},{"taxonomy":"post_tag","embeddable":true,"href":"https:\/\/elcronistadigital.com\/index.php?rest_route=%2Fwp%2Fv2%2Ftags&post=34379"}],"curies":[{"name":"wp","href":"https:\/\/api.w.org\/{rel}","templated":true}]}}