{"id":34385,"date":"2014-08-13T16:41:02","date_gmt":"2014-08-13T22:41:02","guid":{"rendered":"http:\/\/elcronistadigital.com\/?p=34385"},"modified":"2014-08-13T16:41:02","modified_gmt":"2014-08-13T22:41:02","slug":"inspeccionaran-avances-en-planta-de-leche","status":"publish","type":"post","link":"https:\/\/elcronistadigital.com\/?p=34385","title":{"rendered":"Inspeccionar\u00e1n avances en planta de leche"},"content":{"rendered":"<p><a href=\"https:\/\/elcronistadigital.com\/?attachment_id=34386\" rel=\"attachment wp-att-34386\"><img loading=\"lazy\" decoding=\"async\" class=\"alignleft size-full wp-image-34386\" alt=\"Lala\" src=\"https:\/\/elcronistadigital.com\/wp-content\/uploads\/2014\/08\/Lala.jpg\" width=\"275\" height=\"183\" \/><\/a>Ciudad de M\u00e9xico.- La firma mexicana de productos l\u00e1cteos Lala, enviar\u00e1 la pr\u00f3xima semana una comitiva de representantes a Nicaragua para inspeccionar el avance de la construcci\u00f3n de una planta procesadora de leche y sus derivados, que estar\u00eda finalizada en diciembre.<\/p>\n<p>La planta procesadora iniciar\u00eda operaciones en el primer trimestre de 2015, inform\u00f3 el martes a los periodistas el director ejecutivo de la agencia de promoci\u00f3n de inversiones ProNicaragua, Javier Chamorro.<\/p>\n<p>La central industrial, ubicada cerca del Empalme de San Benito, unos 40 kil\u00f3metros al norte de Managua, generar\u00eda de 200 a 250 empleos directos, expres\u00f3.<\/p>\n<p>El grupo invertir\u00e1 unos 50 millones de d\u00f3lares en la planta en Nicaragua, con capacidad para industrializar 200 mil litros de leche diarios, de acuerdo con la versi\u00f3n de las autoridades nicarag\u00fcenses.<\/p>\n<p>La empresa, una de las mayores del sector l\u00e1cteo de Am\u00e9rica Latina, debut\u00f3 en la Bolsa Mexicana de Valores el a\u00f1o pasado con uno de los mayores \u00e9xitos en los \u00faltimos a\u00f1os.<\/p>\n<p>La firma contribuir\u00e1 a mejorar el acopio y estimular la producci\u00f3n, dijo Chamorro, sin precisar detalles sobre el equipo de ejecutivos mexicanos que llegar\u00e1n al pa\u00eds la semana pr\u00f3xima.<\/p>\n","protected":false},"excerpt":{"rendered":"<p>Ciudad de M\u00e9xico.- La firma mexicana de productos l\u00e1cteos Lala, enviar\u00e1 la pr\u00f3xima semana una comitiva de representantes a Nicaragua para inspeccionar el avance de la construcci\u00f3n de una planta procesadora de leche y sus derivados, que estar\u00eda finalizada en diciembre. La planta procesadora iniciar\u00eda operaciones en el primer trimestre de 2015, inform\u00f3 el martes [&hellip;]<\/p>\n","protected":false},"author":1,"featured_media":34386,"comment_status":"open","ping_status":"open","sticky":false,"template":"","format":"standard","meta":{"om_disable_all_campaigns":false,"_monsterinsights_skip_tracking":false,"_monsterinsights_sitenote_active":false,"_monsterinsights_sitenote_note":"","_monsterinsights_sitenote_category":0,"footnotes":""},"categories":[3524],"tags":[],"class_list":["post-34385","post","type-post","status-publish","format-standard","has-post-thumbnail","hentry","category-noticas"],"aioseo_notices":[],"_links":{"self":[{"href":"https:\/\/elcronistadigital.com\/index.php?rest_route=\/wp\/v2\/posts\/34385","targetHints":{"allow":["GET"]}}],"collection":[{"href":"https:\/\/elcronistadigital.com\/index.php?rest_route=\/wp\/v2\/posts"}],"about":[{"href":"https:\/\/elcronistadigital.com\/index.php?rest_route=\/wp\/v2\/types\/post"}],"author":[{"embeddable":true,"href":"https:\/\/elcronistadigital.com\/index.php?rest_route=\/wp\/v2\/users\/1"}],"replies":[{"embeddable":true,"href":"https:\/\/elcronistadigital.com\/index.php?rest_route=%2Fwp%2Fv2%2Fcomments&post=34385"}],"version-history":[{"count":1,"href":"https:\/\/elcronistadigital.com\/index.php?rest_route=\/wp\/v2\/posts\/34385\/revisions"}],"predecessor-version":[{"id":34387,"href":"https:\/\/elcronistadigital.com\/index.php?rest_route=\/wp\/v2\/posts\/34385\/revisions\/34387"}],"wp:featuredmedia":[{"embeddable":true,"href":"https:\/\/elcronistadigital.com\/index.php?rest_route=\/wp\/v2\/media\/34386"}],"wp:attachment":[{"href":"https:\/\/elcronistadigital.com\/index.php?rest_route=%2Fwp%2Fv2%2Fmedia&parent=34385"}],"wp:term":[{"taxonomy":"category","embeddable":true,"href":"https:\/\/elcronistadigital.com\/index.php?rest_route=%2Fwp%2Fv2%2Fcategories&post=34385"},{"taxonomy":"post_tag","embeddable":true,"href":"https:\/\/elcronistadigital.com\/index.php?rest_route=%2Fwp%2Fv2%2Ftags&post=34385"}],"curies":[{"name":"wp","href":"https:\/\/api.w.org\/{rel}","templated":true}]}}