{"id":34391,"date":"2014-08-13T17:47:17","date_gmt":"2014-08-13T23:47:17","guid":{"rendered":"http:\/\/elcronistadigital.com\/?p=34391"},"modified":"2014-08-13T17:47:17","modified_gmt":"2014-08-13T23:47:17","slug":"comer-iguanas-senal-de-crisis","status":"publish","type":"post","link":"https:\/\/elcronistadigital.com\/?p=34391","title":{"rendered":"Comer iguanas, se\u00f1al de crisis"},"content":{"rendered":"<p><a href=\"https:\/\/elcronistadigital.com\/?attachment_id=34392\" rel=\"attachment wp-att-34392\"><img loading=\"lazy\" decoding=\"async\" class=\"alignleft size-full wp-image-34392\" alt=\"iguanas comer\" src=\"https:\/\/elcronistadigital.com\/wp-content\/uploads\/2014\/08\/iguanas-comer.jpg\" width=\"400\" height=\"267\" srcset=\"https:\/\/elcronistadigital.com\/wp-content\/uploads\/2014\/08\/iguanas-comer.jpg 400w, https:\/\/elcronistadigital.com\/wp-content\/uploads\/2014\/08\/iguanas-comer-300x200.jpg 300w, https:\/\/elcronistadigital.com\/wp-content\/uploads\/2014\/08\/iguanas-comer-342x228.jpg 342w\" sizes=\"auto, (max-width: 400px) 100vw, 400px\" \/><\/a>Ha tenido impacto en diferentes pa\u00edses el llamado que realiz\u00f3 un funcionario del gobierno de Nicaragua a fin de que la gente de las zonas afectadas por la sequ\u00eda, cr\u00ede y consuma iguanas para compensar la falta de prote\u00ednas ante la escasez de alimentos.<\/p>\n<p>\u201cLa propuesta fue elaborada por Guillermo Membre\u00f1o y aunque pueda resultar delirante, da muestra de lo cr\u00edtica que es la situaci\u00f3n que atraviesan los nicarag\u00fcenses. Actualmente, el pa\u00eds se encuentra cruzado por la peor sequ\u00eda en 32 a\u00f1os\u201d, se\u00f1ala ARG Noticias.<\/p>\n<p>Se\u00f1alan que los ganaderos estiman que, por las p\u00e9rdidas de cereales y pasturas, unas 600 mil reses sufren la falta de comida y podr\u00edan morirse. Un golpe dur\u00edsimo para un pa\u00eds con una econom\u00eda eminentemente agraria, donde la producci\u00f3n de ganado representa casi el 20 por ciento de la actividad econ\u00f3mica.<\/p>\n<p>En el caso de los granos, la situaci\u00f3n no es mejor como es el caso de los frijoles y el ma\u00edz, de los que se pronostica escasez para las pr\u00f3ximas cosechas, por lo que el gobierno ampli\u00f3 la importaci\u00f3n libre de impuestos.<\/p>\n<p>Aunque la iniciativa de comer iguanas fue tomada con sorna por algunos nicarag\u00fcenses, desde el Gobierno ya han comenzado a insistir en las ventajas del consumo de este reptil en peligro de extinci\u00f3n, entre las que destacan su alto valor proteico.<\/p>\n","protected":false},"excerpt":{"rendered":"<p>Ha tenido impacto en diferentes pa\u00edses el llamado que realiz\u00f3 un funcionario del gobierno de Nicaragua a fin de que la gente de las zonas afectadas por la sequ\u00eda, cr\u00ede y consuma iguanas para compensar la falta de prote\u00ednas ante la escasez de alimentos. \u201cLa propuesta fue elaborada por Guillermo Membre\u00f1o y aunque pueda resultar [&hellip;]<\/p>\n","protected":false},"author":1,"featured_media":34392,"comment_status":"open","ping_status":"open","sticky":false,"template":"","format":"standard","meta":{"om_disable_all_campaigns":false,"_monsterinsights_skip_tracking":false,"_monsterinsights_sitenote_active":false,"_monsterinsights_sitenote_note":"","_monsterinsights_sitenote_category":0,"footnotes":""},"categories":[3524,13],"tags":[],"class_list":["post-34391","post","type-post","status-publish","format-standard","has-post-thumbnail","hentry","category-noticas","category-portada"],"aioseo_notices":[],"_links":{"self":[{"href":"https:\/\/elcronistadigital.com\/index.php?rest_route=\/wp\/v2\/posts\/34391","targetHints":{"allow":["GET"]}}],"collection":[{"href":"https:\/\/elcronistadigital.com\/index.php?rest_route=\/wp\/v2\/posts"}],"about":[{"href":"https:\/\/elcronistadigital.com\/index.php?rest_route=\/wp\/v2\/types\/post"}],"author":[{"embeddable":true,"href":"https:\/\/elcronistadigital.com\/index.php?rest_route=\/wp\/v2\/users\/1"}],"replies":[{"embeddable":true,"href":"https:\/\/elcronistadigital.com\/index.php?rest_route=%2Fwp%2Fv2%2Fcomments&post=34391"}],"version-history":[{"count":1,"href":"https:\/\/elcronistadigital.com\/index.php?rest_route=\/wp\/v2\/posts\/34391\/revisions"}],"predecessor-version":[{"id":34393,"href":"https:\/\/elcronistadigital.com\/index.php?rest_route=\/wp\/v2\/posts\/34391\/revisions\/34393"}],"wp:featuredmedia":[{"embeddable":true,"href":"https:\/\/elcronistadigital.com\/index.php?rest_route=\/wp\/v2\/media\/34392"}],"wp:attachment":[{"href":"https:\/\/elcronistadigital.com\/index.php?rest_route=%2Fwp%2Fv2%2Fmedia&parent=34391"}],"wp:term":[{"taxonomy":"category","embeddable":true,"href":"https:\/\/elcronistadigital.com\/index.php?rest_route=%2Fwp%2Fv2%2Fcategories&post=34391"},{"taxonomy":"post_tag","embeddable":true,"href":"https:\/\/elcronistadigital.com\/index.php?rest_route=%2Fwp%2Fv2%2Ftags&post=34391"}],"curies":[{"name":"wp","href":"https:\/\/api.w.org\/{rel}","templated":true}]}}