{"id":34397,"date":"2014-08-13T18:22:18","date_gmt":"2014-08-14T00:22:18","guid":{"rendered":"http:\/\/elcronistadigital.com\/?p=34397"},"modified":"2014-08-13T18:23:11","modified_gmt":"2014-08-14T00:23:11","slug":"cocibolca-afectado-por-sequia","status":"publish","type":"post","link":"https:\/\/elcronistadigital.com\/?p=34397","title":{"rendered":"Cocibolca afectado por sequ\u00eda"},"content":{"rendered":"<p><a href=\"https:\/\/elcronistadigital.com\/?attachment_id=34398\" rel=\"attachment wp-att-34398\"><img loading=\"lazy\" decoding=\"async\" class=\"alignleft size-full wp-image-34398\" alt=\"lago de Granada\" src=\"https:\/\/elcronistadigital.com\/wp-content\/uploads\/2014\/08\/lago-de-Granada.jpg\" width=\"400\" height=\"287\" srcset=\"https:\/\/elcronistadigital.com\/wp-content\/uploads\/2014\/08\/lago-de-Granada.jpg 400w, https:\/\/elcronistadigital.com\/wp-content\/uploads\/2014\/08\/lago-de-Granada-300x215.jpg 300w, https:\/\/elcronistadigital.com\/wp-content\/uploads\/2014\/08\/lago-de-Granada-342x245.jpg 342w, https:\/\/elcronistadigital.com\/wp-content\/uploads\/2014\/08\/lago-de-Granada-90x65.jpg 90w\" sizes=\"auto, (max-width: 400px) 100vw, 400px\" \/><\/a>Miembros de la Asociaci\u00f3n de Trabajadores del Campo (ATC) realizaron una visita por doce empresas arroceras de la comarca Malacatoya, en Granada, para conocer los da\u00f1os en los cultivos debido a la sequ\u00eda.<\/p>\n<p>De 13 mil manzanas de tierra que estaban previstas a sembrarse en este rubro, la comisi\u00f3n concluy\u00f3 que \u00fanicamente pudieron aprovecharse 8,275 manzanas, ya que hasta el lago Cocibolca est\u00e1 siendo afectado por la ausencia de lluvias, seg\u00fan la web reportearroz.com.<\/p>\n<p>El secretario general de la ATC, Clemente Pav\u00f3n, estim\u00f3 que un 35% de las manzanas proyectadas para el cultivo podr\u00eda no ser sembrado en el presente ciclo. La situaci\u00f3n est\u00e1 teniendo un negativo impacto en la comunidad, puesto que se calcula que ha dejado a unas 470 personas en el desempleo.<\/p>\n<p>\u201cNo vemos opciones para que 470 obreros agr\u00edcolas puedan trabajar en Malacatoya. La \u00fanica forma es la rotaci\u00f3n; pasan una semana haciendo y otra semana haciendo cualquier cosa, muchos andan garrobeando o pescando\u201d, indic\u00f3.<\/p>\n<p>El agua, que normalmente llegaba hasta los cultivos de arroz proveniente de la presa Las Canoas, en Tipitapa, no est\u00e1 llegando y el r\u00edo Malacatoya, que abastec\u00eda a los productores, ha bajado dr\u00e1sticamente su caudal. \u201cDe San Ram\u00f3n para delante, el r\u00edo no tiene agua y la costa del (lago) Cocibolca tambi\u00e9n se est\u00e1 secando\u201d, dijo.<\/p>\n<p>En junio pasado Pav\u00f3n hab\u00eda manifestado que unos 150 peque\u00f1os, medianos y grandes productores arroceros esperaban que las lluvias llegaran a m\u00e1s tardar el 10 de julio y as\u00ed poder iniciar la siembra. Sin embargo, la escasez de precipitaciones frustr\u00f3 sus planes.<\/p>\n","protected":false},"excerpt":{"rendered":"<p>Miembros de la Asociaci\u00f3n de Trabajadores del Campo (ATC) realizaron una visita por doce empresas arroceras de la comarca Malacatoya, en Granada, para conocer los da\u00f1os en los cultivos debido a la sequ\u00eda. De 13 mil manzanas de tierra que estaban previstas a sembrarse en este rubro, la comisi\u00f3n concluy\u00f3 que \u00fanicamente pudieron aprovecharse 8,275 [&hellip;]<\/p>\n","protected":false},"author":1,"featured_media":34398,"comment_status":"open","ping_status":"open","sticky":false,"template":"","format":"standard","meta":{"om_disable_all_campaigns":false,"_monsterinsights_skip_tracking":false,"_monsterinsights_sitenote_active":false,"_monsterinsights_sitenote_note":"","_monsterinsights_sitenote_category":0,"footnotes":""},"categories":[3524],"tags":[],"class_list":["post-34397","post","type-post","status-publish","format-standard","has-post-thumbnail","hentry","category-noticas"],"aioseo_notices":[],"_links":{"self":[{"href":"https:\/\/elcronistadigital.com\/index.php?rest_route=\/wp\/v2\/posts\/34397","targetHints":{"allow":["GET"]}}],"collection":[{"href":"https:\/\/elcronistadigital.com\/index.php?rest_route=\/wp\/v2\/posts"}],"about":[{"href":"https:\/\/elcronistadigital.com\/index.php?rest_route=\/wp\/v2\/types\/post"}],"author":[{"embeddable":true,"href":"https:\/\/elcronistadigital.com\/index.php?rest_route=\/wp\/v2\/users\/1"}],"replies":[{"embeddable":true,"href":"https:\/\/elcronistadigital.com\/index.php?rest_route=%2Fwp%2Fv2%2Fcomments&post=34397"}],"version-history":[{"count":1,"href":"https:\/\/elcronistadigital.com\/index.php?rest_route=\/wp\/v2\/posts\/34397\/revisions"}],"predecessor-version":[{"id":34399,"href":"https:\/\/elcronistadigital.com\/index.php?rest_route=\/wp\/v2\/posts\/34397\/revisions\/34399"}],"wp:featuredmedia":[{"embeddable":true,"href":"https:\/\/elcronistadigital.com\/index.php?rest_route=\/wp\/v2\/media\/34398"}],"wp:attachment":[{"href":"https:\/\/elcronistadigital.com\/index.php?rest_route=%2Fwp%2Fv2%2Fmedia&parent=34397"}],"wp:term":[{"taxonomy":"category","embeddable":true,"href":"https:\/\/elcronistadigital.com\/index.php?rest_route=%2Fwp%2Fv2%2Fcategories&post=34397"},{"taxonomy":"post_tag","embeddable":true,"href":"https:\/\/elcronistadigital.com\/index.php?rest_route=%2Fwp%2Fv2%2Ftags&post=34397"}],"curies":[{"name":"wp","href":"https:\/\/api.w.org\/{rel}","templated":true}]}}